{"id":2450,"date":"2024-08-24T08:32:45","date_gmt":"2024-08-24T12:32:45","guid":{"rendered":"https:\/\/nazarenonews.com.br\/?p=2450"},"modified":"2024-08-24T08:32:45","modified_gmt":"2024-08-24T12:32:45","slug":"os-artistas-desistiram-de-salvar-a-amazonia-diz-nikolas-ferreira","status":"publish","type":"post","link":"https:\/\/nazarenonews.com.br\/index.php\/2024\/08\/24\/os-artistas-desistiram-de-salvar-a-amazonia-diz-nikolas-ferreira\/","title":{"rendered":"\u201cOs artistas desistiram de salvar a Amaz\u00f4nia\u201d, diz Nikolas Ferreira"},"content":{"rendered":"\n<p>Nesta quinta-feira (23), o deputado federal Nikolas Ferreira (PL-MG) publicou um artigo no qual aponta que a Amaz\u00f4nia registrou a pior temporada de queimadas em 17 anos. Segundo ele, no entanto, os artistas desistiram de abordar o tema e \u201csalvar\u201d a Amaz\u00f4nia.<\/p>\n\n\n\n<p>Segundo o parlamentar, o corredor de fuma\u00e7a que se espalhou j\u00e1 afetou 10 estados do pa\u00eds. Mas, apesar das not\u00edcias sobre a Floresta Amaz\u00f4nica e o Pantanal, \u201ca preocupa\u00e7\u00e3o dos que se dizem defensores do meio ambiente nem de perto tem sido a mesma do governo anterior\u201d.<\/p>\n\n\n\n<p>As observa\u00e7\u00f5es de Nikolas est\u00e3o no portal Gazeta do Povo. Ele destacou que, quando Jair Bolsonaro (PL) era presidente do Brasil, tudo era culpa do chefe do Executivo.<\/p>\n\n\n\n<p>\u2013 O Greenpeace Brasil reuniu mais de 30 artistas para lan\u00e7ar a m\u00fasica Can\u00e7\u00e3o para a Amaz\u00f4nia, assinada por Carlos Renn\u00f3 e Nando Reis. V\u00e1rios artistas que participaram da a\u00e7\u00e3o, tamb\u00e9m fizeram campanha para Lula em 2022, claro. Por\u00e9m todos eles seguem calados sobre o aumento das queimadas no Brasil \u2013 escreveu.<\/p>\n\n\n\n<p>No texto, o deputado citou ainda o n\u00famero de mortes dos yanomamis.<\/p>\n\n\n\n<p>\u2013 No in\u00edcio deste m\u00eas o jornal Estad\u00e3o divulgou que o governo Lula apagaria os dados sobre as mortes dos ind\u00edgenas. Nada que pare\u00e7a preocupar os cantores progressistas tamb\u00e9m \u2013 reportou Nikolas.<\/p>\n\n\n\n<p>Ele concluiu o artigo indicando que \u201ccom desmatamento ou queimadas, on\u00e7as mortas ou jacar\u00e9s carbonizados, ind\u00edgenas sendo mortos ou suicidando, os artistas que tanto gostavam de aparecer nos anos anteriores n\u00e3o tiveram coragem de se posicionar agora\u201d.<\/p>\n\n\n\n<p>\u2013 Confirmando que a preocupa\u00e7\u00e3o n\u00e3o era com a natureza e sim com o pol\u00edtico de estima\u00e7\u00e3o. Desistiram r\u00e1pido de \u201csalvar\u201d a Amaz\u00f4nia \u2013 concluiu.<\/p>\n\n\n\n<p>Folha do Estado<\/p>\n","protected":false},"excerpt":{"rendered":"<p>Nesta quinta-feira (23), o deputado federal Nikolas Ferreira (PL-MG) publicou um artigo no qual aponta que a Amaz\u00f4nia registrou a pior temporada de queimadas em 17 anos. Segundo ele, no entanto, os artistas desistiram de abordar o tema e \u201csalvar\u201d a Amaz\u00f4nia. Segundo o parlamentar, o corredor de fuma\u00e7a que se espalhou j\u00e1 afetou 10 [&hellip;]<\/p>\n","protected":false},"author":2,"featured_media":2451,"comment_status":"closed","ping_status":"closed","sticky":false,"template":"","format":"standard","meta":{"_monsterinsights_skip_tracking":false,"_monsterinsights_sitenote_active":false,"_monsterinsights_sitenote_note":"","_monsterinsights_sitenote_category":0,"footnotes":""},"categories":[50,1,48],"tags":[],"_links":{"self":[{"href":"https:\/\/nazarenonews.com.br\/index.php\/wp-json\/wp\/v2\/posts\/2450"}],"collection":[{"href":"https:\/\/nazarenonews.com.br\/index.php\/wp-json\/wp\/v2\/posts"}],"about":[{"href":"https:\/\/nazarenonews.com.br\/index.php\/wp-json\/wp\/v2\/types\/post"}],"author":[{"embeddable":true,"href":"https:\/\/nazarenonews.com.br\/index.php\/wp-json\/wp\/v2\/users\/2"}],"replies":[{"embeddable":true,"href":"https:\/\/nazarenonews.com.br\/index.php\/wp-json\/wp\/v2\/comments?post=2450"}],"version-history":[{"count":1,"href":"https:\/\/nazarenonews.com.br\/index.php\/wp-json\/wp\/v2\/posts\/2450\/revisions"}],"predecessor-version":[{"id":2452,"href":"https:\/\/nazarenonews.com.br\/index.php\/wp-json\/wp\/v2\/posts\/2450\/revisions\/2452"}],"wp:featuredmedia":[{"embeddable":true,"href":"https:\/\/nazarenonews.com.br\/index.php\/wp-json\/wp\/v2\/media\/2451"}],"wp:attachment":[{"href":"https:\/\/nazarenonews.com.br\/index.php\/wp-json\/wp\/v2\/media?parent=2450"}],"wp:term":[{"taxonomy":"category","embeddable":true,"href":"https:\/\/nazarenonews.com.br\/index.php\/wp-json\/wp\/v2\/categories?post=2450"},{"taxonomy":"post_tag","embeddable":true,"href":"https:\/\/nazarenonews.com.br\/index.php\/wp-json\/wp\/v2\/tags?post=2450"}],"curies":[{"name":"wp","href":"https:\/\/api.w.org\/{rel}","templated":true}]}}