{"id":2447,"date":"2024-08-24T08:26:47","date_gmt":"2024-08-24T12:26:47","guid":{"rendered":"https:\/\/nazarenonews.com.br\/?p=2447"},"modified":"2024-08-24T08:26:48","modified_gmt":"2024-08-24T12:26:48","slug":"moradores-abracam-portao-do-inferno-em-ato-contra-obras-na-mt-251-em-mt","status":"publish","type":"post","link":"https:\/\/nazarenonews.com.br\/index.php\/2024\/08\/24\/moradores-abracam-portao-do-inferno-em-ato-contra-obras-na-mt-251-em-mt\/","title":{"rendered":"Moradores abra\u00e7am Port\u00e3o do Inferno em ato contra obras na MT-251 em MT"},"content":{"rendered":"\n<p>Moradores de\u00a0<a class=\"\" href=\"https:\/\/g1.globo.com\/mt\/mato-grosso\/cidade\/chapada-dos-guimaraes\/\">Chapada dos Guimar\u00e3es<\/a>, a 65 km de\u00a0<a class=\"\" href=\"https:\/\/g1.globo.com\/mt\/mato-grosso\/cidade\/cuiaba\/\">Cuiab\u00e1<\/a>, abra\u00e7aram o Port\u00e3o do Inferno, nesta quinta-feira (22), em um ato simb\u00f3lico contra as obras na MT-251, que ir\u00e3o retirar uma parte das rochas do pared\u00e3o para evitar desmoronamento de rochas.<\/p>\n\n\n\n<p>Segundo os moradores, as obras foram impostas na regi\u00e3o e a popula\u00e7\u00e3o do munic\u00edpio n\u00e3o teve oportunidade de opinar sobre como os impactos influenciariam no com\u00e9rcio e turismo da regi\u00e3o, por ser um morro antigo e importante para a hist\u00f3ria da cidade.<\/p>\n\n\n\n<p>O abra\u00e7o foi a forma que eles encontraram para demonstrar a &#8220;vontade de proteger o patrim\u00f4nio hist\u00f3rico cultural&#8221;.<\/p>\n\n\n\n<p><strong>&#8220;Um patrim\u00f4nio paisag\u00edstico ser\u00e1 destru\u00eddo e o morro contempla todo pared\u00e3o, que j\u00e1 \u00e9 um cart\u00e3o postal aqui de Chapada&#8221;, contou a historiadora e guia de turismo, Tulasi Krishna.<\/strong><\/p>\n\n\n\n<p>As obras na regi\u00e3o devem come\u00e7ar na pr\u00f3xima quarta-feira (28), segundo a Secretaria de Estado de Infraestrutura e Log\u00edstica (Sinfra-MT). Durante os primeiros dias das atividades,\u00a0<strong>o tr\u00e2nsito na MT-251 permanecer\u00e1 livre,\u00a0sem interdi\u00e7\u00f5es.<\/strong><\/p>\n\n\n\n<p>As obras<\/p>\n\n\n\n<p>As obras realizadas s\u00e3o de retaludamento, t\u00e9cnica usada para evitar deslizamentos de terra e melhorar a seguran\u00e7a e a estabilidade do terreno, j\u00e1 que em dezembro de 2023 foram registrados duas quedas de rochas na regi\u00e3o, em menos de 24 horas. Na \u00e9poca, o Governo de Mato Grosso decretou situa\u00e7\u00e3o de emerg\u00eancia.<\/p>\n\n\n\n<p>De acordo com a Secretaria de Infraestrutura e Log\u00edstica (Sinfra), antes das obras come\u00e7arem de forma efetiva, agentes do Instituto Brasileiro do Meio Ambiente (Ibama) e do Instituto Chico Mendes de Conserva\u00e7\u00e3o da Biodiversidade (ICMBio) estar\u00e3o no local para prestar servi\u00e7os de controle ambiental e limpeza do terreno, que incluem o resgate de esp\u00e9cies da flora local e a retirada de animais da \u00e1rea.<\/p>\n\n\n\n<p>A secretaria informou que a remo\u00e7\u00e3o da vegeta\u00e7\u00e3o ser\u00e1 realizada de&nbsp;<strong>forma manual<\/strong>, sem o uso de maquin\u00e1rio pesado, a fim de minimizar os impactos ambientais. Essa pr\u00e1tica visa preparar o terreno para a pr\u00f3xima fase das obras, que inclui a abertura de um caminho de acesso seguro e eficiente.<\/p>\n\n\n\n<p>O projeto prev\u00ea ainda a remo\u00e7\u00e3o controlada do maci\u00e7o rochoso e a constru\u00e7\u00e3o de taludes. As medidas devem contribuir para a preserva\u00e7\u00e3o da regi\u00e3o.<\/p>\n\n\n\n<p>Por motivos de seguran\u00e7a, a Sinfra solicita aos motoristas que reduzam a velocidade e sigam a sinaliza\u00e7\u00e3o durante a execu\u00e7\u00e3o das obras de retaludamento na MT-251. Apesar de n\u00e3o haver interdi\u00e7\u00e3o completa, a velocidade dever\u00e1 ser reduzida e a sinaliza\u00e7\u00e3o tempor\u00e1ria seguida a partir do in\u00edcio das obras. No entanto, caso interrup\u00e7\u00f5es ocorram no fluxo do tr\u00e2nsito, a secretaria deve informar \u00e0 popula\u00e7\u00e3o com ao menos sete dias de anteced\u00eancia.<\/p>\n\n\n\n<p>Os deslizamentos<\/p>\n\n\n\n<p>A regi\u00e3o do Port\u00e3o do Inferno, na MT-251, em Chapada dos Guimar\u00e3es, a 65 km de Cuiab\u00e1 registrou duas quedas de rochas no final de 2023. Na \u00e9poca,&nbsp;<a class=\"\" href=\"https:\/\/g1.globo.com\/mt\/mato-grosso\/noticia\/2023\/12\/11\/novo-deslizamento-de-terra-em-chapada-dos-guimaraes-deixa-regiao-sob-alerta-videos.ghtml\">motoristas que passavam no local gravaram parte das rochas ca\u00eddas<\/a>&nbsp;na pista. \u00c0 noite,&nbsp;<a class=\"\" href=\"https:\/\/g1.globo.com\/mt\/mato-grosso\/noticia\/2023\/12\/12\/em-menos-de-24h-portao-do-inferno-registra-dois-deslizamentos-de-terra.ghtml\">outro v\u00eddeo mostra policiais atuando na libera\u00e7\u00e3o da via, bloqueada por outro deslizamento.<\/a><\/p>\n\n\n\n<p>Os v\u00eddeos mostram os ve\u00edculos transitando na estrada, que n\u00e3o possui nenhuma prote\u00e7\u00e3o.<\/p>\n\n\n\n<p>Com isso,\u00a0<a class=\"\" href=\"https:\/\/g1.globo.com\/mt\/mato-grosso\/noticia\/2023\/12\/13\/documento-que-interdita-regiao-do-portao-do-inferno-na-mt-251e-atualizado-e-permite-trafego-em-dias-uteis.ghtml\">o governo publicou uma portaria que interdita o tr\u00e1fego de ve\u00edculos de carga na regi\u00e3o.<\/a>\u00a0Segundo o documento, a decis\u00e3o foi tomada ap\u00f3s o aumento significativo no fluxo de ve\u00edculos de carga nas rodovias estaduais, o que causa degrada\u00e7\u00e3o precoce do pavimento e o estremecimento da rodovia gerando constantes deslizamentos no Port\u00e3o do Inferno.<\/p>\n\n\n\n<p>G1-MT<\/p>\n","protected":false},"excerpt":{"rendered":"<p>Moradores de\u00a0Chapada dos Guimar\u00e3es, a 65 km de\u00a0Cuiab\u00e1, abra\u00e7aram o Port\u00e3o do Inferno, nesta quinta-feira (22), em um ato simb\u00f3lico contra as obras na MT-251, que ir\u00e3o retirar uma parte das rochas do pared\u00e3o para evitar desmoronamento de rochas. Segundo os moradores, as obras foram impostas na regi\u00e3o e a popula\u00e7\u00e3o do munic\u00edpio n\u00e3o teve [&hellip;]<\/p>\n","protected":false},"author":2,"featured_media":2448,"comment_status":"closed","ping_status":"closed","sticky":false,"template":"","format":"standard","meta":{"_monsterinsights_skip_tracking":false,"_monsterinsights_sitenote_active":false,"_monsterinsights_sitenote_note":"","_monsterinsights_sitenote_category":0,"footnotes":""},"categories":[1],"tags":[],"_links":{"self":[{"href":"https:\/\/nazarenonews.com.br\/index.php\/wp-json\/wp\/v2\/posts\/2447"}],"collection":[{"href":"https:\/\/nazarenonews.com.br\/index.php\/wp-json\/wp\/v2\/posts"}],"about":[{"href":"https:\/\/nazarenonews.com.br\/index.php\/wp-json\/wp\/v2\/types\/post"}],"author":[{"embeddable":true,"href":"https:\/\/nazarenonews.com.br\/index.php\/wp-json\/wp\/v2\/users\/2"}],"replies":[{"embeddable":true,"href":"https:\/\/nazarenonews.com.br\/index.php\/wp-json\/wp\/v2\/comments?post=2447"}],"version-history":[{"count":1,"href":"https:\/\/nazarenonews.com.br\/index.php\/wp-json\/wp\/v2\/posts\/2447\/revisions"}],"predecessor-version":[{"id":2449,"href":"https:\/\/nazarenonews.com.br\/index.php\/wp-json\/wp\/v2\/posts\/2447\/revisions\/2449"}],"wp:featuredmedia":[{"embeddable":true,"href":"https:\/\/nazarenonews.com.br\/index.php\/wp-json\/wp\/v2\/media\/2448"}],"wp:attachment":[{"href":"https:\/\/nazarenonews.com.br\/index.php\/wp-json\/wp\/v2\/media?parent=2447"}],"wp:term":[{"taxonomy":"category","embeddable":true,"href":"https:\/\/nazarenonews.com.br\/index.php\/wp-json\/wp\/v2\/categories?post=2447"},{"taxonomy":"post_tag","embeddable":true,"href":"https:\/\/nazarenonews.com.br\/index.php\/wp-json\/wp\/v2\/tags?post=2447"}],"curies":[{"name":"wp","href":"https:\/\/api.w.org\/{rel}","templated":true}]}}