{"id":2441,"date":"2024-08-23T16:55:04","date_gmt":"2024-08-23T20:55:04","guid":{"rendered":"https:\/\/nazarenonews.com.br\/?p=2441"},"modified":"2024-08-23T16:55:04","modified_gmt":"2024-08-23T20:55:04","slug":"moradores-denunciam-falta-de-efetividade-na-coleta-de-lixo-em-vg","status":"publish","type":"post","link":"https:\/\/nazarenonews.com.br\/index.php\/2024\/08\/23\/moradores-denunciam-falta-de-efetividade-na-coleta-de-lixo-em-vg\/","title":{"rendered":"Moradores denunciam falta de efetividade na coleta de lixo em VG"},"content":{"rendered":"\n<p>Moradores denunciaram ao\u00a0Vg not\u00edcias, na manh\u00e3 desta sexta-feira (23.08), os problemas enfrentados com a coleta de lixo no munic\u00edpio de V\u00e1rzea Grande. Conforme relatado por eles, desde a recente greve dos garis, o cronograma de coleta n\u00e3o tem sido cumprido corretamente e isso tem acarretado diversos problemas para a popula\u00e7\u00e3o.<\/p>\n\n\n\n<p>&#8220;A coleta acontecia \u00e0s ter\u00e7as, quintas e s\u00e1bados. Por\u00e9m, desde a \u00faltima greve, eles n\u00e3o seguem mais o cronograma e v\u00eam quando querem, uma vez por semana, e \u00e0s vezes nem aparecem&#8221;, relatou Florisvam.<\/p>\n\n\n\n<p>As den\u00fancias em rela\u00e7\u00e3o a isso t\u00eam sido frequentes em bairros de V\u00e1rzea Grande. Moradores dos bairros Planalto Ipiranga e Canellas relatam que a situa\u00e7\u00e3o tem sido a mesma. \u201cJ\u00e1 n\u00e3o sabemos mais quando devemos colocar os lixos para fora. Eu n\u00e3o tenho lixeira, ent\u00e3o se fica muito tempo fora os cachorros e os porcos da regi\u00e3o rasgam os sacos e fazem a maior sujeira. Antes passava tr\u00eas vezes na semana, agora passa um, ou nem um. Isso \u00e9 falta de respeito com os moradores que pagam seus impostos e taxas em dias\u201d, externou outra moradora.<\/p>\n\n\n\n<p>utra moradora declarou que um dos maiores problemas \u00e9 o cheiro que, devido ao calor, aumenta com a demora da coleta. &#8220;A coleta de lixo n\u00e3o est\u00e1 passando, toda vez temos que colocar o lixo para dentro de novo, por causa dos cachorros, t\u00e1 dif\u00edcil essa situa\u00e7\u00e3o, ainda mais com o cheiro que temos que aguentar no decorrer dos dias&#8221;.<\/p>\n\n\n\n<p>Em imagens enviadas ao\u00a0Vg not\u00edcias pelos internautas, \u00e9 poss\u00edvel ver a quantidade de casas que precisam \u2018acumular\u2019 seu lixo. A den\u00fancia relata que, inclusive, uma creche do bairro Milton Figueiredo est\u00e1 sofrendo com a situa\u00e7\u00e3o.<\/p>\n\n\n\n<p><strong>Outro lado \u2013<\/strong>\u00a0Em resposta ao\u00a0Vg not\u00edcias, o secret\u00e1rio de Servi\u00e7os P\u00fablicos e Mobilidade Urbana, Breno Gomes, afirmou que de fato est\u00e1 havendo um atraso no cronograma, por motivos desconhecidos, mas que n\u00e3o houve altera\u00e7\u00e3o nos dias de coleta.<\/p>\n\n\n\n<p>O secret\u00e1rio afirmou que enviou fiscais aos bairros para saber o que est\u00e1 pendente, para poder resolver a situa\u00e7\u00e3o.\u00a0Cabe-se destacar que n\u00e3o h\u00e1 altera\u00e7\u00e3o no cronograma, somente um atraso na coleta.<\/p>\n\n\n\n<p>Nicolle Ribeiro\/ VGN<\/p>\n","protected":false},"excerpt":{"rendered":"<p>Moradores denunciaram ao\u00a0Vg not\u00edcias, na manh\u00e3 desta sexta-feira (23.08), os problemas enfrentados com a coleta de lixo no munic\u00edpio de V\u00e1rzea Grande. Conforme relatado por eles, desde a recente greve dos garis, o cronograma de coleta n\u00e3o tem sido cumprido corretamente e isso tem acarretado diversos problemas para a popula\u00e7\u00e3o. &#8220;A coleta acontecia \u00e0s ter\u00e7as, [&hellip;]<\/p>\n","protected":false},"author":2,"featured_media":2442,"comment_status":"closed","ping_status":"closed","sticky":false,"template":"","format":"standard","meta":{"_monsterinsights_skip_tracking":false,"_monsterinsights_sitenote_active":false,"_monsterinsights_sitenote_note":"","_monsterinsights_sitenote_category":0,"footnotes":""},"categories":[1],"tags":[],"_links":{"self":[{"href":"https:\/\/nazarenonews.com.br\/index.php\/wp-json\/wp\/v2\/posts\/2441"}],"collection":[{"href":"https:\/\/nazarenonews.com.br\/index.php\/wp-json\/wp\/v2\/posts"}],"about":[{"href":"https:\/\/nazarenonews.com.br\/index.php\/wp-json\/wp\/v2\/types\/post"}],"author":[{"embeddable":true,"href":"https:\/\/nazarenonews.com.br\/index.php\/wp-json\/wp\/v2\/users\/2"}],"replies":[{"embeddable":true,"href":"https:\/\/nazarenonews.com.br\/index.php\/wp-json\/wp\/v2\/comments?post=2441"}],"version-history":[{"count":1,"href":"https:\/\/nazarenonews.com.br\/index.php\/wp-json\/wp\/v2\/posts\/2441\/revisions"}],"predecessor-version":[{"id":2443,"href":"https:\/\/nazarenonews.com.br\/index.php\/wp-json\/wp\/v2\/posts\/2441\/revisions\/2443"}],"wp:featuredmedia":[{"embeddable":true,"href":"https:\/\/nazarenonews.com.br\/index.php\/wp-json\/wp\/v2\/media\/2442"}],"wp:attachment":[{"href":"https:\/\/nazarenonews.com.br\/index.php\/wp-json\/wp\/v2\/media?parent=2441"}],"wp:term":[{"taxonomy":"category","embeddable":true,"href":"https:\/\/nazarenonews.com.br\/index.php\/wp-json\/wp\/v2\/categories?post=2441"},{"taxonomy":"post_tag","embeddable":true,"href":"https:\/\/nazarenonews.com.br\/index.php\/wp-json\/wp\/v2\/tags?post=2441"}],"curies":[{"name":"wp","href":"https:\/\/api.w.org\/{rel}","templated":true}]}}