{"id":2432,"date":"2024-08-23T10:48:48","date_gmt":"2024-08-23T14:48:48","guid":{"rendered":"https:\/\/nazarenonews.com.br\/?p=2432"},"modified":"2024-08-23T10:48:49","modified_gmt":"2024-08-23T14:48:49","slug":"prefeitura-de-tangara-da-serra-decreta-situacao-de-emergencia","status":"publish","type":"post","link":"https:\/\/nazarenonews.com.br\/index.php\/2024\/08\/23\/prefeitura-de-tangara-da-serra-decreta-situacao-de-emergencia\/","title":{"rendered":"Prefeitura de Tangar\u00e1 da Serra decreta situa\u00e7\u00e3o de emerg\u00eancia"},"content":{"rendered":"\n<p>O prefeito de Tangar\u00e1 da Serra (242 km de Cuiab\u00e1), Vander Alberto Masson (Uni\u00e3o Brasil), decretou situa\u00e7\u00e3o de emerg\u00eancia por 180 dias, em decorr\u00eancia dos inc\u00eandios florestais e urbanos que v\u00eam atingindo o munic\u00edpio nos \u00faltimos dias. O decreto foi publicado no Di\u00e1rio Oficial que circulou nessa quinta-feira (22).<\/p>\n\n\n\n<p>De acordo com o documento, os inc\u00eandios, que v\u00eam atingindo propriedades urbanas e rurais, empresas, ind\u00fastrias, lavouras e pastagens, t\u00eam provocado grande concentra\u00e7\u00e3o de mon\u00f3xido de carbono na atmosfera, acarretando danos \u00e0 sa\u00fade da popula\u00e7\u00e3o.<\/p>\n\n\n\n<p>Na tarde de quarta-feira (21), uma \u00e1rea de pastagem na regi\u00e3o do bairro Alto da Boa Vista, assustou moradores e resultou numa enorme nuvem de fuma\u00e7a na regi\u00e3o. O fogo foi controlado horas depois e ningu\u00e9m ficou ferido.<\/p>\n\n\n\n<p>Al\u00e9m disso, o munic\u00edpio vem enfrentando um grande inc\u00eandio florestal h\u00e1 muitos dias. Equipes do Corpo de Bombeiros est\u00e3o na regi\u00e3o trabalhando para debelar as chamas. Ainda n\u00e3o se sabe o tamanho do estrago na regi\u00e3o.<\/p>\n\n\n\n<p>Diante da situa\u00e7\u00e3o de emerg\u00eancia, os \u00f3rg\u00e3os da administra\u00e7\u00e3o direta e indireta est\u00e3o autorizados a mobilizar e destinar seus recursos humanos, financeiros, materiais, ve\u00edculos e equipamentos para apoiar as opera\u00e7\u00f5es de combate ao inc\u00eandio.<\/p>\n\n\n\n<p>\u201cServidores municipais poder\u00e3o ser convocados, a qualquer tempo, para atua\u00e7\u00e3o ainda que as fun\u00e7\u00f5es sejam diversas das inerentes ao cargo de sua lota\u00e7\u00e3o\u201d, diz trecho de decreto.<\/p>\n\n\n\n<p>O decreto entra em vigor na data de publica\u00e7\u00e3o e tem validade por 180 dias.<\/p>\n\n\n\n<p>Rep\u00f3rter MT<\/p>\n","protected":false},"excerpt":{"rendered":"<p>O prefeito de Tangar\u00e1 da Serra (242 km de Cuiab\u00e1), Vander Alberto Masson (Uni\u00e3o Brasil), decretou situa\u00e7\u00e3o de emerg\u00eancia por 180 dias, em decorr\u00eancia dos inc\u00eandios florestais e urbanos que v\u00eam atingindo o munic\u00edpio nos \u00faltimos dias. O decreto foi publicado no Di\u00e1rio Oficial que circulou nessa quinta-feira (22). De acordo com o documento, os [&hellip;]<\/p>\n","protected":false},"author":2,"featured_media":2433,"comment_status":"closed","ping_status":"closed","sticky":false,"template":"","format":"standard","meta":{"_monsterinsights_skip_tracking":false,"_monsterinsights_sitenote_active":false,"_monsterinsights_sitenote_note":"","_monsterinsights_sitenote_category":0,"footnotes":""},"categories":[1],"tags":[],"_links":{"self":[{"href":"https:\/\/nazarenonews.com.br\/index.php\/wp-json\/wp\/v2\/posts\/2432"}],"collection":[{"href":"https:\/\/nazarenonews.com.br\/index.php\/wp-json\/wp\/v2\/posts"}],"about":[{"href":"https:\/\/nazarenonews.com.br\/index.php\/wp-json\/wp\/v2\/types\/post"}],"author":[{"embeddable":true,"href":"https:\/\/nazarenonews.com.br\/index.php\/wp-json\/wp\/v2\/users\/2"}],"replies":[{"embeddable":true,"href":"https:\/\/nazarenonews.com.br\/index.php\/wp-json\/wp\/v2\/comments?post=2432"}],"version-history":[{"count":1,"href":"https:\/\/nazarenonews.com.br\/index.php\/wp-json\/wp\/v2\/posts\/2432\/revisions"}],"predecessor-version":[{"id":2434,"href":"https:\/\/nazarenonews.com.br\/index.php\/wp-json\/wp\/v2\/posts\/2432\/revisions\/2434"}],"wp:featuredmedia":[{"embeddable":true,"href":"https:\/\/nazarenonews.com.br\/index.php\/wp-json\/wp\/v2\/media\/2433"}],"wp:attachment":[{"href":"https:\/\/nazarenonews.com.br\/index.php\/wp-json\/wp\/v2\/media?parent=2432"}],"wp:term":[{"taxonomy":"category","embeddable":true,"href":"https:\/\/nazarenonews.com.br\/index.php\/wp-json\/wp\/v2\/categories?post=2432"},{"taxonomy":"post_tag","embeddable":true,"href":"https:\/\/nazarenonews.com.br\/index.php\/wp-json\/wp\/v2\/tags?post=2432"}],"curies":[{"name":"wp","href":"https:\/\/api.w.org\/{rel}","templated":true}]}}