{"id":2423,"date":"2024-08-23T07:08:48","date_gmt":"2024-08-23T11:08:48","guid":{"rendered":"https:\/\/nazarenonews.com.br\/?p=2423"},"modified":"2024-08-23T07:08:48","modified_gmt":"2024-08-23T11:08:48","slug":"faixa-de-onibus-fica-liberada-para-outros-veiculos-por-tempo-indeterminado-em-avenida-de-cuiaba","status":"publish","type":"post","link":"https:\/\/nazarenonews.com.br\/index.php\/2024\/08\/23\/faixa-de-onibus-fica-liberada-para-outros-veiculos-por-tempo-indeterminado-em-avenida-de-cuiaba\/","title":{"rendered":"faixa de \u00f4nibus fica liberada para outros ve\u00edculos por tempo indeterminado em avenida de Cuiab\u00e1"},"content":{"rendered":"\n<p>Com o avan\u00e7o das obras do BRT (\u00d4nibus de Tr\u00e2nsito R\u00e1pido, em portugu\u00eas),\u00a0<strong>a faixa exclusiva para \u00f4nibus estar\u00e1 liberada para a passagem de outros ve\u00edculos, a partir desta quinta-feira (22),<\/strong>da Avenida Historiador Rubens de Mendon\u00e7a at\u00e9 a Avenida Mato Grosso, na capital\u00a0<a class=\"\" href=\"https:\/\/g1.globo.com\/mt\/mato-grosso\/cidade\/cuiaba\/\">Cuiab\u00e1<\/a>,<strong>\u00a0por tempo indeterminado.<\/strong><\/p>\n\n\n\n<p>Segundo a Secretaria Municipal de Mobilidade Urbana (Semob), o trecho em obras vai do Shopping Pantanal at\u00e9 a avenida Mato Grosso, e sentido&nbsp;contr\u00e1rio.<\/p>\n\n\n\n<p>As obras ocupam boa parte das avenidas que levam at\u00e9 o Centro da capital e, por isso, os motoristas precisam trafegar pelo lado direito da pista.<\/p>\n\n\n\n<p>A avenida est\u00e1 dentro de uma das linhas em que o BRT passar\u00e1, que prev\u00ea sa\u00edda do Terminal do CPA at\u00e9 o Centro de Cuiab\u00e1, parando apenas no shopping.<\/p>\n\n\n\n<p>As obras de implanta\u00e7\u00e3o do BRT come\u00e7aram no dia 21 de abril. Conforme o cronograma da Sinfra, a previs\u00e3o \u00e9 que o projeto em V\u00e1rzea Grande seria finalizado no fim do primeiro semestre de 2024. Ainda n\u00e3o se sabe sobre quando o modal come\u00e7ar\u00e1 a funcionar.<\/p>\n\n\n\n<p>VLT x BRT<\/p>\n\n\n\n<p>O VLT foi&nbsp;<a class=\"\" href=\"https:\/\/g1.globo.com\/mt\/mato-grosso\/noticia\/2020\/12\/18\/vlt-obra-de-trem-prevista-para-a-copa-nao-anda-ha-seis-anos.ghtml\">projetado para a Copa do Mundo de 2014 no Brasil<\/a>&nbsp;e foi marcado pela corrup\u00e7\u00e3o e entraves judiciais. A obra paralisada possui 22 quil\u00f4metros de extens\u00e3o entre Cuiab\u00e1 e V\u00e1rzea Grande.<\/p>\n\n\n\n<p>Em dezembro de 2014, as obras foram interrompidas. Em 2018, o governo do estado rompeu o contrato com o cons\u00f3rcio VLT e, depois,&nbsp;<a class=\"\" href=\"https:\/\/g1.globo.com\/mt\/mato-grosso\/noticia\/2020\/12\/21\/governador-anuncia-substituicao-de-vlt-por-brt-em-mt.ghtml\">decidiu substituir o modal pelo BRT<\/a>. J\u00e1 em dezembro do ano passado, o governo come\u00e7ou a retirar as estruturas que serviriam de suporte para o VLT em V\u00e1rzea Grande.<\/p>\n\n\n\n<p>As obras do projeto, que deveria ter ficado pronto oito anos atr\u00e1s, j\u00e1 custou mais de R$ 1 bilh\u00e3o.<\/p>\n","protected":false},"excerpt":{"rendered":"<p>Com o avan\u00e7o das obras do BRT (\u00d4nibus de Tr\u00e2nsito R\u00e1pido, em portugu\u00eas),\u00a0a faixa exclusiva para \u00f4nibus estar\u00e1 liberada para a passagem de outros ve\u00edculos, a partir desta quinta-feira (22),da Avenida Historiador Rubens de Mendon\u00e7a at\u00e9 a Avenida Mato Grosso, na capital\u00a0Cuiab\u00e1,\u00a0por tempo indeterminado. Segundo a Secretaria Municipal de Mobilidade Urbana (Semob), o trecho em [&hellip;]<\/p>\n","protected":false},"author":2,"featured_media":2424,"comment_status":"closed","ping_status":"closed","sticky":false,"template":"","format":"standard","meta":{"_monsterinsights_skip_tracking":false,"_monsterinsights_sitenote_active":false,"_monsterinsights_sitenote_note":"","_monsterinsights_sitenote_category":0,"footnotes":""},"categories":[36,1],"tags":[],"_links":{"self":[{"href":"https:\/\/nazarenonews.com.br\/index.php\/wp-json\/wp\/v2\/posts\/2423"}],"collection":[{"href":"https:\/\/nazarenonews.com.br\/index.php\/wp-json\/wp\/v2\/posts"}],"about":[{"href":"https:\/\/nazarenonews.com.br\/index.php\/wp-json\/wp\/v2\/types\/post"}],"author":[{"embeddable":true,"href":"https:\/\/nazarenonews.com.br\/index.php\/wp-json\/wp\/v2\/users\/2"}],"replies":[{"embeddable":true,"href":"https:\/\/nazarenonews.com.br\/index.php\/wp-json\/wp\/v2\/comments?post=2423"}],"version-history":[{"count":1,"href":"https:\/\/nazarenonews.com.br\/index.php\/wp-json\/wp\/v2\/posts\/2423\/revisions"}],"predecessor-version":[{"id":2425,"href":"https:\/\/nazarenonews.com.br\/index.php\/wp-json\/wp\/v2\/posts\/2423\/revisions\/2425"}],"wp:featuredmedia":[{"embeddable":true,"href":"https:\/\/nazarenonews.com.br\/index.php\/wp-json\/wp\/v2\/media\/2424"}],"wp:attachment":[{"href":"https:\/\/nazarenonews.com.br\/index.php\/wp-json\/wp\/v2\/media?parent=2423"}],"wp:term":[{"taxonomy":"category","embeddable":true,"href":"https:\/\/nazarenonews.com.br\/index.php\/wp-json\/wp\/v2\/categories?post=2423"},{"taxonomy":"post_tag","embeddable":true,"href":"https:\/\/nazarenonews.com.br\/index.php\/wp-json\/wp\/v2\/tags?post=2423"}],"curies":[{"name":"wp","href":"https:\/\/api.w.org\/{rel}","templated":true}]}}