{"id":2420,"date":"2024-08-23T07:05:36","date_gmt":"2024-08-23T11:05:36","guid":{"rendered":"https:\/\/nazarenonews.com.br\/?p=2420"},"modified":"2024-08-23T07:05:37","modified_gmt":"2024-08-23T11:05:37","slug":"policia-civil-e-vigilancia-sanitaria-fecham-fabrica-clandestina-de-acai-em-vg","status":"publish","type":"post","link":"https:\/\/nazarenonews.com.br\/index.php\/2024\/08\/23\/policia-civil-e-vigilancia-sanitaria-fecham-fabrica-clandestina-de-acai-em-vg\/","title":{"rendered":"Pol\u00edcia Civil e Vigil\u00e2ncia Sanit\u00e1ria fecham f\u00e1brica clandestina de a\u00e7a\u00ed em VG"},"content":{"rendered":"\n<p>Uma f\u00e1brica clandestina de a\u00e7a\u00ed, que estava adulterando\/falsificando o produto destinado aos consumidores, foi fechada pela Pol\u00edcia Civil na manh\u00e3 desta quinta-feira (22), em a\u00e7\u00e3o conjunta da Delegacia Especializada de Defesa do Consumidor (Decon) e Vigil\u00e2ncia Sanit\u00e1ria de V\u00e1rzea Grande.<\/p>\n\n\n\n<p>O propriet\u00e1rio do estabelecimento, que n\u00e3o possu\u00eda as devidas licen\u00e7as de funcionamento, foi autuado em flagrante por crime contra a sa\u00fade p\u00fablica.<\/p>\n\n\n\n<p>As investiga\u00e7\u00f5es iniciaram ap\u00f3s o recebimento de den\u00fancia de que em um barrac\u00e3o no bairro Marajoara em V\u00e1rzea Grande haviam pessoas embalando a\u00e7a\u00ed de origem desconhecida, utilizando embalagens de produto de uma marca famosa por patrocinar grandes eventos de luta.<\/p>\n\n\n\n<p>A den\u00fancia apontava ainda que o barrac\u00e3o utilizado recebia, com frequ\u00eancia, caminh\u00f5es com embalagens vazias para embalo do produto, al\u00e9m de ser um local insalubre, infestado de ratos, raz\u00e3o pela qual os pr\u00f3prios funcion\u00e1rios n\u00e3o consumiam os produtos, devido \u00e0 falta de higiene.<\/p>\n\n\n\n<p>Gazeta Digital<\/p>\n","protected":false},"excerpt":{"rendered":"<p>Uma f\u00e1brica clandestina de a\u00e7a\u00ed, que estava adulterando\/falsificando o produto destinado aos consumidores, foi fechada pela Pol\u00edcia Civil na manh\u00e3 desta quinta-feira (22), em a\u00e7\u00e3o conjunta da Delegacia Especializada de Defesa do Consumidor (Decon) e Vigil\u00e2ncia Sanit\u00e1ria de V\u00e1rzea Grande. O propriet\u00e1rio do estabelecimento, que n\u00e3o possu\u00eda as devidas licen\u00e7as de funcionamento, foi autuado em [&hellip;]<\/p>\n","protected":false},"author":2,"featured_media":2421,"comment_status":"closed","ping_status":"closed","sticky":false,"template":"","format":"standard","meta":{"_monsterinsights_skip_tracking":false,"_monsterinsights_sitenote_active":false,"_monsterinsights_sitenote_note":"","_monsterinsights_sitenote_category":0,"footnotes":""},"categories":[1],"tags":[],"_links":{"self":[{"href":"https:\/\/nazarenonews.com.br\/index.php\/wp-json\/wp\/v2\/posts\/2420"}],"collection":[{"href":"https:\/\/nazarenonews.com.br\/index.php\/wp-json\/wp\/v2\/posts"}],"about":[{"href":"https:\/\/nazarenonews.com.br\/index.php\/wp-json\/wp\/v2\/types\/post"}],"author":[{"embeddable":true,"href":"https:\/\/nazarenonews.com.br\/index.php\/wp-json\/wp\/v2\/users\/2"}],"replies":[{"embeddable":true,"href":"https:\/\/nazarenonews.com.br\/index.php\/wp-json\/wp\/v2\/comments?post=2420"}],"version-history":[{"count":1,"href":"https:\/\/nazarenonews.com.br\/index.php\/wp-json\/wp\/v2\/posts\/2420\/revisions"}],"predecessor-version":[{"id":2422,"href":"https:\/\/nazarenonews.com.br\/index.php\/wp-json\/wp\/v2\/posts\/2420\/revisions\/2422"}],"wp:featuredmedia":[{"embeddable":true,"href":"https:\/\/nazarenonews.com.br\/index.php\/wp-json\/wp\/v2\/media\/2421"}],"wp:attachment":[{"href":"https:\/\/nazarenonews.com.br\/index.php\/wp-json\/wp\/v2\/media?parent=2420"}],"wp:term":[{"taxonomy":"category","embeddable":true,"href":"https:\/\/nazarenonews.com.br\/index.php\/wp-json\/wp\/v2\/categories?post=2420"},{"taxonomy":"post_tag","embeddable":true,"href":"https:\/\/nazarenonews.com.br\/index.php\/wp-json\/wp\/v2\/tags?post=2420"}],"curies":[{"name":"wp","href":"https:\/\/api.w.org\/{rel}","templated":true}]}}