{"id":2416,"date":"2024-08-23T07:03:05","date_gmt":"2024-08-23T11:03:05","guid":{"rendered":"https:\/\/nazarenonews.com.br\/?p=2416"},"modified":"2024-08-23T07:03:26","modified_gmt":"2024-08-23T11:03:26","slug":"incendio-de-grandes-proporcoes-atinge-o-morro-da-luz-na-noite-desta-quinta-feira-22-no-centro-de-cuiaba","status":"publish","type":"post","link":"https:\/\/nazarenonews.com.br\/index.php\/2024\/08\/23\/incendio-de-grandes-proporcoes-atinge-o-morro-da-luz-na-noite-desta-quinta-feira-22-no-centro-de-cuiaba\/","title":{"rendered":"Inc\u00eandio de grandes propor\u00e7\u00f5es atinge o Morro da Luz, na noite desta quinta-feira (22), no Centro de Cuiab\u00e1"},"content":{"rendered":"\n<p>Inc\u00eandio de grandes propor\u00e7\u00f5es atinge o Morro da Luz, na noite desta quinta-feira (22), no Centro de Cuiab\u00e1. Na regi\u00e3o do CPA, as chamas tamb\u00e9m amea\u00e7am um terreno, pr\u00f3ximo ao&nbsp;Abrigo Bom Jesus, unidade que abriga dezenas de idosos.&nbsp;<\/p>\n\n\n\n<p>Na \u00e1rea central, imagens registradas por internautas mostram o avan\u00e7o do fogo na unidade de conserva\u00e7\u00e3o. Na regi\u00e3o h\u00e1 diversas casas e com\u00e9rcios.&nbsp;<\/p>\n\n\n\n<p><strong>Abrigo Bom Jesus<\/strong><\/p>\n\n\n\n<p>Outra ocorr\u00eancia tamb\u00e9m foi registrada pr\u00f3ximo ao Abrigo Bom Jesus, na avenida do CPA. Conforme noticiou o\u00a0Gazeta Digital, o inc\u00eandio iniciou durante a tarde, em um \u00e1rea de mata seca, no fundo do Hospital do C\u00e2ncer, em Cuiab\u00e1.<\/p>\n\n\n\n<p>Ao longo do dia, as chamas se espalharam, alcan\u00e7ando o terreno onde funciona um lar de idosos.&nbsp;<\/p>\n\n\n\n<p>Militares do Corpo de Bombeiros atuam para controlar o fogo.\u00a0<\/p>\n\n\n\n<p>Gazeta Digital<\/p>\n","protected":false},"excerpt":{"rendered":"<p>Inc\u00eandio de grandes propor\u00e7\u00f5es atinge o Morro da Luz, na noite desta quinta-feira (22), no Centro de Cuiab\u00e1. Na regi\u00e3o do CPA, as chamas tamb\u00e9m amea\u00e7am um terreno, pr\u00f3ximo ao&nbsp;Abrigo Bom Jesus, unidade que abriga dezenas de idosos.&nbsp; Na \u00e1rea central, imagens registradas por internautas mostram o avan\u00e7o do fogo na unidade de conserva\u00e7\u00e3o. Na [&hellip;]<\/p>\n","protected":false},"author":2,"featured_media":2417,"comment_status":"closed","ping_status":"closed","sticky":false,"template":"","format":"standard","meta":{"_monsterinsights_skip_tracking":false,"_monsterinsights_sitenote_active":false,"_monsterinsights_sitenote_note":"","_monsterinsights_sitenote_category":0,"footnotes":""},"categories":[1],"tags":[],"_links":{"self":[{"href":"https:\/\/nazarenonews.com.br\/index.php\/wp-json\/wp\/v2\/posts\/2416"}],"collection":[{"href":"https:\/\/nazarenonews.com.br\/index.php\/wp-json\/wp\/v2\/posts"}],"about":[{"href":"https:\/\/nazarenonews.com.br\/index.php\/wp-json\/wp\/v2\/types\/post"}],"author":[{"embeddable":true,"href":"https:\/\/nazarenonews.com.br\/index.php\/wp-json\/wp\/v2\/users\/2"}],"replies":[{"embeddable":true,"href":"https:\/\/nazarenonews.com.br\/index.php\/wp-json\/wp\/v2\/comments?post=2416"}],"version-history":[{"count":2,"href":"https:\/\/nazarenonews.com.br\/index.php\/wp-json\/wp\/v2\/posts\/2416\/revisions"}],"predecessor-version":[{"id":2419,"href":"https:\/\/nazarenonews.com.br\/index.php\/wp-json\/wp\/v2\/posts\/2416\/revisions\/2419"}],"wp:featuredmedia":[{"embeddable":true,"href":"https:\/\/nazarenonews.com.br\/index.php\/wp-json\/wp\/v2\/media\/2417"}],"wp:attachment":[{"href":"https:\/\/nazarenonews.com.br\/index.php\/wp-json\/wp\/v2\/media?parent=2416"}],"wp:term":[{"taxonomy":"category","embeddable":true,"href":"https:\/\/nazarenonews.com.br\/index.php\/wp-json\/wp\/v2\/categories?post=2416"},{"taxonomy":"post_tag","embeddable":true,"href":"https:\/\/nazarenonews.com.br\/index.php\/wp-json\/wp\/v2\/tags?post=2416"}],"curies":[{"name":"wp","href":"https:\/\/api.w.org\/{rel}","templated":true}]}}