{"id":2413,"date":"2024-08-22T16:58:50","date_gmt":"2024-08-22T20:58:50","guid":{"rendered":"https:\/\/nazarenonews.com.br\/?p=2413"},"modified":"2024-08-22T16:58:51","modified_gmt":"2024-08-22T20:58:51","slug":"sem-shopping-popular-donos-de-bancas-invadem-pista-e-calcada-da-carmindo-de-campos","status":"publish","type":"post","link":"https:\/\/nazarenonews.com.br\/index.php\/2024\/08\/22\/sem-shopping-popular-donos-de-bancas-invadem-pista-e-calcada-da-carmindo-de-campos\/","title":{"rendered":"Sem Shopping Popular, donos de bancas invadem pista e cal\u00e7ada da Carmindo de Campos"},"content":{"rendered":"\n<p>Mais de um m\u00eas j\u00e1 se passou e os lojistas do Shopping Popular seguem invadindo e atrapalhando o tr\u00e2nsito na Avenida Carmindo de Campos, em Cuiab\u00e1, enquanto o novo alojamento provis\u00f3rio n\u00e3o \u00e9 constru\u00eddo no estacionamento do camel\u00f3dromo.<\/p>\n\n\n\n<p>O motivo da invas\u00e3o da avenida \u00e9 o inc\u00eandio que atingiu o Shopping Popular em 15 de julho, destruindo toda a estrutura que abrigava mais de 600 comerciantes. Neste momento, os vendedores fizeram um camel\u00f4 improvisado na cal\u00e7ada e na metade da pista da avenida, tomando boa parte do espa\u00e7o destinado ao tr\u00e1fego de ve\u00edculos.<\/p>\n\n\n\n<p>Al\u00e9m de provocar congestionamento local, quem estiver passa pela avenida tamb\u00e9m precisa se atentar \u00e0queles que param seus ve\u00edculos na via para efetuar suas compras, causando ainda mais lentid\u00e3o.<\/p>\n\n\n\n<p>Se por um lado, os camel\u00f4s t\u00eam reclamado da baixa clientela, justamente pelo local escolhido, que n\u00e3o possui estacionamento, por outro lado, a popula\u00e7\u00e3o que precisa se deslocar diariamente pela Carmindo de Campos tamb\u00e9m tem se estressado bastante com a situa\u00e7\u00e3o. De todo modo, o local escolhido n\u00e3o se mostrou adequado para o recome\u00e7o dos lojistas.\u00a0<\/p>\n\n\n\n<p><strong>Camel\u00f4 provis\u00f3rio<\/strong><\/p>\n\n\n\n<p>A situa\u00e7\u00e3o ca\u00f3tica deve continuar pelos pr\u00f3ximos dias, mas, segundo o presidente da Associa\u00e7\u00e3o do Shopping Popular, Misael Galv\u00e3o, a sa\u00edda dos lojistas da Avenida Carmindo de Campos j\u00e1 tem data programada e deve acontecer dentro de 20 dias. Em uma entrevista coletiva cedida no \u00faltimo dia 15 de agosto, Misael garantiu que uma estrutura provis\u00f3ria come\u00e7aria a ser montada nessa ter\u00e7a-feira (20) e seguiria pelos pr\u00f3ximos 15 ou 20 dias.<\/p>\n\n\n\n<p>Rep\u00f3rter MT<\/p>\n","protected":false},"excerpt":{"rendered":"<p>Mais de um m\u00eas j\u00e1 se passou e os lojistas do Shopping Popular seguem invadindo e atrapalhando o tr\u00e2nsito na Avenida Carmindo de Campos, em Cuiab\u00e1, enquanto o novo alojamento provis\u00f3rio n\u00e3o \u00e9 constru\u00eddo no estacionamento do camel\u00f3dromo. O motivo da invas\u00e3o da avenida \u00e9 o inc\u00eandio que atingiu o Shopping Popular em 15 de [&hellip;]<\/p>\n","protected":false},"author":2,"featured_media":2414,"comment_status":"closed","ping_status":"closed","sticky":false,"template":"","format":"standard","meta":{"_monsterinsights_skip_tracking":false,"_monsterinsights_sitenote_active":false,"_monsterinsights_sitenote_note":"","_monsterinsights_sitenote_category":0,"footnotes":""},"categories":[1],"tags":[],"_links":{"self":[{"href":"https:\/\/nazarenonews.com.br\/index.php\/wp-json\/wp\/v2\/posts\/2413"}],"collection":[{"href":"https:\/\/nazarenonews.com.br\/index.php\/wp-json\/wp\/v2\/posts"}],"about":[{"href":"https:\/\/nazarenonews.com.br\/index.php\/wp-json\/wp\/v2\/types\/post"}],"author":[{"embeddable":true,"href":"https:\/\/nazarenonews.com.br\/index.php\/wp-json\/wp\/v2\/users\/2"}],"replies":[{"embeddable":true,"href":"https:\/\/nazarenonews.com.br\/index.php\/wp-json\/wp\/v2\/comments?post=2413"}],"version-history":[{"count":1,"href":"https:\/\/nazarenonews.com.br\/index.php\/wp-json\/wp\/v2\/posts\/2413\/revisions"}],"predecessor-version":[{"id":2415,"href":"https:\/\/nazarenonews.com.br\/index.php\/wp-json\/wp\/v2\/posts\/2413\/revisions\/2415"}],"wp:featuredmedia":[{"embeddable":true,"href":"https:\/\/nazarenonews.com.br\/index.php\/wp-json\/wp\/v2\/media\/2414"}],"wp:attachment":[{"href":"https:\/\/nazarenonews.com.br\/index.php\/wp-json\/wp\/v2\/media?parent=2413"}],"wp:term":[{"taxonomy":"category","embeddable":true,"href":"https:\/\/nazarenonews.com.br\/index.php\/wp-json\/wp\/v2\/categories?post=2413"},{"taxonomy":"post_tag","embeddable":true,"href":"https:\/\/nazarenonews.com.br\/index.php\/wp-json\/wp\/v2\/tags?post=2413"}],"curies":[{"name":"wp","href":"https:\/\/api.w.org\/{rel}","templated":true}]}}