{"id":2390,"date":"2024-08-22T06:51:35","date_gmt":"2024-08-22T10:51:35","guid":{"rendered":"https:\/\/nazarenonews.com.br\/?p=2390"},"modified":"2024-08-22T06:53:29","modified_gmt":"2024-08-22T10:53:29","slug":"instituto-faz-nova-previsao-e-aponta-que-temperatura-pode-cair-a-ate-13-graus-na-proxima-semana","status":"publish","type":"post","link":"https:\/\/nazarenonews.com.br\/index.php\/2024\/08\/22\/instituto-faz-nova-previsao-e-aponta-que-temperatura-pode-cair-a-ate-13-graus-na-proxima-semana\/","title":{"rendered":"Instituto faz nova previs\u00e3o e aponta que temperatura pode cair a at\u00e9 13 graus na pr\u00f3xima semana"},"content":{"rendered":"\n<p>O instituto Climatempo fez uma a previs\u00e3o do tempo para a pr\u00f3xima semana em Cuiab\u00e1. Anteriormente, o \u00f3rg\u00e3o havia previsto que a Capital mato-grossense receberia uma frente fria que derrubaria as temperaturas para at\u00e9 14\u00baC, por\u00e9m, agora, a informa\u00e7\u00e3o \u00e9 de que a queda ser\u00e1 ainda maior, chegando \u00e0 casa dos 13\u00baC. A previs\u00e3o \u00e9 de que essa mudan\u00e7a brusca de temperatura aconte\u00e7a na pr\u00f3xima ter\u00e7a-feira (27)<\/p>\n\n\n\n<p>Nessa mesma data, a m\u00e1xima marcada pelos term\u00f4metros deve chegar aos 35\u00baC, fazendo com que a chamada &#8220;amplitude t\u00e9rmica&#8221;, que \u00e9 a diferen\u00e7a entre a m\u00ednima e a m\u00e1xima de um dia, seja de 22\u00baC.<\/p>\n\n\n\n<p>A pequena onda de frio est\u00e1 prevista para come\u00e7ar neste domingo (25), com a m\u00ednima chegando a casa dos 17\u00baC e a m\u00e1xima ficando em 26\u00baC. J\u00e1 na segunda-feira (26), os term\u00f4metros devem variar entre 15 e 18\u00baC. E na quarta (28), o famoso \u201ccalor\u00e3o\u201d est\u00e1 de volta, com a m\u00e1xima atingindo os 40\u00baC.<\/p>\n\n\n\n<p>N\u00e3o muito diferente dos \u00faltimos dias, durante os pr\u00f3ximos, a umidade relativa do ar pode cair a n\u00edveis ainda menores, chegando at\u00e9 11%.<\/p>\n\n\n\n<p>REP\u00d3RTER MT<\/p>\n","protected":false},"excerpt":{"rendered":"<p>O instituto Climatempo fez uma a previs\u00e3o do tempo para a pr\u00f3xima semana em Cuiab\u00e1. Anteriormente, o \u00f3rg\u00e3o havia previsto que a Capital mato-grossense receberia uma frente fria que derrubaria as temperaturas para at\u00e9 14\u00baC, por\u00e9m, agora, a informa\u00e7\u00e3o \u00e9 de que a queda ser\u00e1 ainda maior, chegando \u00e0 casa dos 13\u00baC. A previs\u00e3o \u00e9 [&hellip;]<\/p>\n","protected":false},"author":2,"featured_media":2393,"comment_status":"closed","ping_status":"closed","sticky":false,"template":"","format":"standard","meta":{"_monsterinsights_skip_tracking":false,"_monsterinsights_sitenote_active":false,"_monsterinsights_sitenote_note":"","_monsterinsights_sitenote_category":0,"footnotes":""},"categories":[1],"tags":[],"_links":{"self":[{"href":"https:\/\/nazarenonews.com.br\/index.php\/wp-json\/wp\/v2\/posts\/2390"}],"collection":[{"href":"https:\/\/nazarenonews.com.br\/index.php\/wp-json\/wp\/v2\/posts"}],"about":[{"href":"https:\/\/nazarenonews.com.br\/index.php\/wp-json\/wp\/v2\/types\/post"}],"author":[{"embeddable":true,"href":"https:\/\/nazarenonews.com.br\/index.php\/wp-json\/wp\/v2\/users\/2"}],"replies":[{"embeddable":true,"href":"https:\/\/nazarenonews.com.br\/index.php\/wp-json\/wp\/v2\/comments?post=2390"}],"version-history":[{"count":1,"href":"https:\/\/nazarenonews.com.br\/index.php\/wp-json\/wp\/v2\/posts\/2390\/revisions"}],"predecessor-version":[{"id":2392,"href":"https:\/\/nazarenonews.com.br\/index.php\/wp-json\/wp\/v2\/posts\/2390\/revisions\/2392"}],"wp:featuredmedia":[{"embeddable":true,"href":"https:\/\/nazarenonews.com.br\/index.php\/wp-json\/wp\/v2\/media\/2393"}],"wp:attachment":[{"href":"https:\/\/nazarenonews.com.br\/index.php\/wp-json\/wp\/v2\/media?parent=2390"}],"wp:term":[{"taxonomy":"category","embeddable":true,"href":"https:\/\/nazarenonews.com.br\/index.php\/wp-json\/wp\/v2\/categories?post=2390"},{"taxonomy":"post_tag","embeddable":true,"href":"https:\/\/nazarenonews.com.br\/index.php\/wp-json\/wp\/v2\/tags?post=2390"}],"curies":[{"name":"wp","href":"https:\/\/api.w.org\/{rel}","templated":true}]}}