{"id":2387,"date":"2024-08-22T06:47:08","date_gmt":"2024-08-22T10:47:08","guid":{"rendered":"https:\/\/nazarenonews.com.br\/?p=2387"},"modified":"2024-08-22T06:47:09","modified_gmt":"2024-08-22T10:47:09","slug":"dentista-de-cuiaba-morre-de-pneumonia-causada-por-cigarro-eletronico","status":"publish","type":"post","link":"https:\/\/nazarenonews.com.br\/index.php\/2024\/08\/22\/dentista-de-cuiaba-morre-de-pneumonia-causada-por-cigarro-eletronico\/","title":{"rendered":"Dentista de Cuiab\u00e1 morre de pneumonia causada por cigarro eletr\u00f4nico"},"content":{"rendered":"\n<p>FOLHA DO ESTADO <\/p>\n\n\n\n<p>Na madrugada desta quarta-feira,21, a cidade de Cuiab\u00e1 foi surpreendida com a not\u00edcia da morte precoce do dentista Jo\u00e3o Victor Pereira, de 29 anos.&nbsp;<\/p>\n\n\n\n<p>O jovem, que era natural de S\u00e3o Jos\u00e9 dos Quatro Marcos, faleceu em decorr\u00eancia de uma pneumonia grave, que, segundo familiares, foi agravada pelo uso de cigarro eletr\u00f4nico, popularmente conhecido como \u201cvaper\u201d.<\/p>\n\n\n\n<p>Jo\u00e3o Victor estava internado na Unidade de Terapia Intensiva (UTI) do Hospital Santa Helena, onde lutava contra as complica\u00e7\u00f5es de sa\u00fade.<\/p>\n\n\n\n<p>&nbsp;Apesar dos esfor\u00e7os m\u00e9dicos, o dentista n\u00e3o resistiu e veio a \u00f3bito.<\/p>\n\n\n\n<p>Jo\u00e3o Victor atuava na capital mato-grossense nas \u00e1reas de est\u00e9tica odontol\u00f3gica e facial, e era reconhecido por seu trabalho dedicado.&nbsp;<\/p>\n\n\n\n<p>Nas redes sociais, amigos e familiares lamentaram profundamente sua morte, destacando a tristeza pela perda de um profissional promissor e uma pessoa querida.<\/p>\n\n\n\n<p>O sepultamento do jovem dentista ser\u00e1 realizado em sua cidade natal, S\u00e3o Jos\u00e9 dos Quatro Marcos, a 309 km de Cuiab\u00e1, onde amigos e parentes se despedir\u00e3o.<\/p>\n","protected":false},"excerpt":{"rendered":"<p>FOLHA DO ESTADO Na madrugada desta quarta-feira,21, a cidade de Cuiab\u00e1 foi surpreendida com a not\u00edcia da morte precoce do dentista Jo\u00e3o Victor Pereira, de 29 anos.&nbsp; O jovem, que era natural de S\u00e3o Jos\u00e9 dos Quatro Marcos, faleceu em decorr\u00eancia de uma pneumonia grave, que, segundo familiares, foi agravada pelo uso de cigarro eletr\u00f4nico, [&hellip;]<\/p>\n","protected":false},"author":2,"featured_media":2388,"comment_status":"closed","ping_status":"closed","sticky":false,"template":"","format":"standard","meta":{"_monsterinsights_skip_tracking":false,"_monsterinsights_sitenote_active":false,"_monsterinsights_sitenote_note":"","_monsterinsights_sitenote_category":0,"footnotes":""},"categories":[1],"tags":[],"_links":{"self":[{"href":"https:\/\/nazarenonews.com.br\/index.php\/wp-json\/wp\/v2\/posts\/2387"}],"collection":[{"href":"https:\/\/nazarenonews.com.br\/index.php\/wp-json\/wp\/v2\/posts"}],"about":[{"href":"https:\/\/nazarenonews.com.br\/index.php\/wp-json\/wp\/v2\/types\/post"}],"author":[{"embeddable":true,"href":"https:\/\/nazarenonews.com.br\/index.php\/wp-json\/wp\/v2\/users\/2"}],"replies":[{"embeddable":true,"href":"https:\/\/nazarenonews.com.br\/index.php\/wp-json\/wp\/v2\/comments?post=2387"}],"version-history":[{"count":1,"href":"https:\/\/nazarenonews.com.br\/index.php\/wp-json\/wp\/v2\/posts\/2387\/revisions"}],"predecessor-version":[{"id":2389,"href":"https:\/\/nazarenonews.com.br\/index.php\/wp-json\/wp\/v2\/posts\/2387\/revisions\/2389"}],"wp:featuredmedia":[{"embeddable":true,"href":"https:\/\/nazarenonews.com.br\/index.php\/wp-json\/wp\/v2\/media\/2388"}],"wp:attachment":[{"href":"https:\/\/nazarenonews.com.br\/index.php\/wp-json\/wp\/v2\/media?parent=2387"}],"wp:term":[{"taxonomy":"category","embeddable":true,"href":"https:\/\/nazarenonews.com.br\/index.php\/wp-json\/wp\/v2\/categories?post=2387"},{"taxonomy":"post_tag","embeddable":true,"href":"https:\/\/nazarenonews.com.br\/index.php\/wp-json\/wp\/v2\/tags?post=2387"}],"curies":[{"name":"wp","href":"https:\/\/api.w.org\/{rel}","templated":true}]}}