{"id":2378,"date":"2024-08-21T16:22:24","date_gmt":"2024-08-21T20:22:24","guid":{"rendered":"https:\/\/nazarenonews.com.br\/?p=2378"},"modified":"2024-08-21T16:22:24","modified_gmt":"2024-08-21T20:22:24","slug":"inscricoes-para-concurso-de-juiz-do-tjmt-comecam-nesta-quarta-feira","status":"publish","type":"post","link":"https:\/\/nazarenonews.com.br\/index.php\/2024\/08\/21\/inscricoes-para-concurso-de-juiz-do-tjmt-comecam-nesta-quarta-feira\/","title":{"rendered":"Inscri\u00e7\u00f5es para concurso de juiz do TJMT come\u00e7am nesta quarta-feira"},"content":{"rendered":"\n<p>Hiper Not\u00edcias <\/p>\n\n\n\n<p>As inscri\u00e7\u00f5es para o concurso de ingresso na magistratura mato-grossense come\u00e7am na tarde desta quarta-feira (21) e v\u00e3o at\u00e9 19 de setembro. S\u00e3o ofertadas cinco vagas para o cargo inicialmente de juiz substituto, cujo subs\u00eddio inicial \u00e9 de R$ 35,8 mil.<\/p>\n\n\n\n<p>As inscri\u00e7\u00f5es, bem como edital completo do certame, devem ser acessados no&nbsp;<a href=\"https:\/\/conhecimento.fgv.br\/concursos\/tjmtjuiz24\" target=\"_blank\" rel=\"noreferrer noopener\">site da Funda\u00e7\u00e3o Getulio Vargas<\/a>, respons\u00e1vel pela organiza\u00e7\u00e3o e execu\u00e7\u00e3o das provas, sob a supervis\u00e3o da Comiss\u00e3o do Concurso institu\u00edda pelo Tribunal de Justi\u00e7a de Mato Grosso (TJMT).<\/p>\n\n\n\n<p>S\u00e3o requisitos b\u00e1sicos para assumir o cargo de juiz substituto ter menos do que 65 anos de idade na data da posse; ter conclu\u00eddo o curso de bacharelado em Direito, em institui\u00e7\u00e3o reconhecida pelo Minist\u00e9rio da Educa\u00e7\u00e3o; ter bons antecedentes morais e sociais, dentre outros.<\/p>\n\n\n\n<p>No ato da inscri\u00e7\u00e3o preliminar, o candidato deve apresentar o certificado de aprova\u00e7\u00e3o do Exame Nacional da Magistratura (Enam), consoante determina\u00e7\u00e3o do Conselho Nacional de Justi\u00e7a (CNJ).<\/p>\n\n\n\n<p>As cinco vagas est\u00e3o distribu\u00eddas observando reservas para candidatos negros, com defici\u00eancia e ind\u00edgenas. O concurso tem validade de dois anos, prorrog\u00e1vel uma vez para igual per\u00edodo.<\/p>\n\n\n\n<p>Data da prova: a primeira prova (objetiva seletiva, de car\u00e1ter eliminat\u00f3rio e classificat\u00f3rio) est\u00e1 prevista para o dia 17 de novembro, em Cuiab\u00e1.<\/p>\n","protected":false},"excerpt":{"rendered":"<p>Hiper Not\u00edcias As inscri\u00e7\u00f5es para o concurso de ingresso na magistratura mato-grossense come\u00e7am na tarde desta quarta-feira (21) e v\u00e3o at\u00e9 19 de setembro. S\u00e3o ofertadas cinco vagas para o cargo inicialmente de juiz substituto, cujo subs\u00eddio inicial \u00e9 de R$ 35,8 mil. As inscri\u00e7\u00f5es, bem como edital completo do certame, devem ser acessados no&nbsp;site [&hellip;]<\/p>\n","protected":false},"author":2,"featured_media":2379,"comment_status":"closed","ping_status":"closed","sticky":false,"template":"","format":"standard","meta":{"_monsterinsights_skip_tracking":false,"_monsterinsights_sitenote_active":false,"_monsterinsights_sitenote_note":"","_monsterinsights_sitenote_category":0,"footnotes":""},"categories":[1],"tags":[],"_links":{"self":[{"href":"https:\/\/nazarenonews.com.br\/index.php\/wp-json\/wp\/v2\/posts\/2378"}],"collection":[{"href":"https:\/\/nazarenonews.com.br\/index.php\/wp-json\/wp\/v2\/posts"}],"about":[{"href":"https:\/\/nazarenonews.com.br\/index.php\/wp-json\/wp\/v2\/types\/post"}],"author":[{"embeddable":true,"href":"https:\/\/nazarenonews.com.br\/index.php\/wp-json\/wp\/v2\/users\/2"}],"replies":[{"embeddable":true,"href":"https:\/\/nazarenonews.com.br\/index.php\/wp-json\/wp\/v2\/comments?post=2378"}],"version-history":[{"count":1,"href":"https:\/\/nazarenonews.com.br\/index.php\/wp-json\/wp\/v2\/posts\/2378\/revisions"}],"predecessor-version":[{"id":2380,"href":"https:\/\/nazarenonews.com.br\/index.php\/wp-json\/wp\/v2\/posts\/2378\/revisions\/2380"}],"wp:featuredmedia":[{"embeddable":true,"href":"https:\/\/nazarenonews.com.br\/index.php\/wp-json\/wp\/v2\/media\/2379"}],"wp:attachment":[{"href":"https:\/\/nazarenonews.com.br\/index.php\/wp-json\/wp\/v2\/media?parent=2378"}],"wp:term":[{"taxonomy":"category","embeddable":true,"href":"https:\/\/nazarenonews.com.br\/index.php\/wp-json\/wp\/v2\/categories?post=2378"},{"taxonomy":"post_tag","embeddable":true,"href":"https:\/\/nazarenonews.com.br\/index.php\/wp-json\/wp\/v2\/tags?post=2378"}],"curies":[{"name":"wp","href":"https:\/\/api.w.org\/{rel}","templated":true}]}}