{"id":2364,"date":"2024-08-21T09:01:11","date_gmt":"2024-08-21T13:01:11","guid":{"rendered":"https:\/\/nazarenonews.com.br\/?p=2364"},"modified":"2024-08-21T09:01:19","modified_gmt":"2024-08-21T13:01:19","slug":"amazonia-queima-e-lacradores-somem-do-mapa","status":"publish","type":"post","link":"https:\/\/nazarenonews.com.br\/index.php\/2024\/08\/21\/amazonia-queima-e-lacradores-somem-do-mapa\/","title":{"rendered":"Amaz\u00f4nia queima e lacradores somem do mapa"},"content":{"rendered":"\n<p>Rep\u00f3rter MT<br>A<strong>\u00a0<\/strong>Amaz\u00f4nia est\u00e1 pegando fogo e a fuma\u00e7a t\u00f3xica j\u00e1 cobre 10 estados, inclusive MT. De janeiro at\u00e9 aqui a regi\u00e3o j\u00e1 foi registrado o maior n\u00famero de focos de inc\u00eandio dos \u00faltimos 17 anos. Curiosamente, em 2008, o governo era o mesmo, o de Lula (PT).\u00a0<\/p>\n\n\n\n<p>A&nbsp;fuma\u00e7a cobre a floresta e viaja pelos estados criando um corredor t\u00f3xico pela atmosfera. A pergunta, agora, \u00e9: Onde est\u00e3o os lacradores defensores da mata? Onde est\u00e3o Di Caprio, Greta, Xuxa e demais globais? Ah sim, j\u00e1 ia mes esquecendo. \u00c9 fuma\u00e7a, &nbsp;mas \u00e9 fuma\u00e7a de amor!&nbsp;<\/p>\n","protected":false},"excerpt":{"rendered":"<p>Rep\u00f3rter MTA\u00a0Amaz\u00f4nia est\u00e1 pegando fogo e a fuma\u00e7a t\u00f3xica j\u00e1 cobre 10 estados, inclusive MT. De janeiro at\u00e9 aqui a regi\u00e3o j\u00e1 foi registrado o maior n\u00famero de focos de inc\u00eandio dos \u00faltimos 17 anos. Curiosamente, em 2008, o governo era o mesmo, o de Lula (PT).\u00a0 A&nbsp;fuma\u00e7a cobre a floresta e viaja pelos estados [&hellip;]<\/p>\n","protected":false},"author":2,"featured_media":2365,"comment_status":"closed","ping_status":"closed","sticky":false,"template":"","format":"standard","meta":{"_monsterinsights_skip_tracking":false,"_monsterinsights_sitenote_active":false,"_monsterinsights_sitenote_note":"","_monsterinsights_sitenote_category":0,"footnotes":""},"categories":[37,50,1],"tags":[],"_links":{"self":[{"href":"https:\/\/nazarenonews.com.br\/index.php\/wp-json\/wp\/v2\/posts\/2364"}],"collection":[{"href":"https:\/\/nazarenonews.com.br\/index.php\/wp-json\/wp\/v2\/posts"}],"about":[{"href":"https:\/\/nazarenonews.com.br\/index.php\/wp-json\/wp\/v2\/types\/post"}],"author":[{"embeddable":true,"href":"https:\/\/nazarenonews.com.br\/index.php\/wp-json\/wp\/v2\/users\/2"}],"replies":[{"embeddable":true,"href":"https:\/\/nazarenonews.com.br\/index.php\/wp-json\/wp\/v2\/comments?post=2364"}],"version-history":[{"count":2,"href":"https:\/\/nazarenonews.com.br\/index.php\/wp-json\/wp\/v2\/posts\/2364\/revisions"}],"predecessor-version":[{"id":2367,"href":"https:\/\/nazarenonews.com.br\/index.php\/wp-json\/wp\/v2\/posts\/2364\/revisions\/2367"}],"wp:featuredmedia":[{"embeddable":true,"href":"https:\/\/nazarenonews.com.br\/index.php\/wp-json\/wp\/v2\/media\/2365"}],"wp:attachment":[{"href":"https:\/\/nazarenonews.com.br\/index.php\/wp-json\/wp\/v2\/media?parent=2364"}],"wp:term":[{"taxonomy":"category","embeddable":true,"href":"https:\/\/nazarenonews.com.br\/index.php\/wp-json\/wp\/v2\/categories?post=2364"},{"taxonomy":"post_tag","embeddable":true,"href":"https:\/\/nazarenonews.com.br\/index.php\/wp-json\/wp\/v2\/tags?post=2364"}],"curies":[{"name":"wp","href":"https:\/\/api.w.org\/{rel}","templated":true}]}}