{"id":2362,"date":"2024-08-21T07:33:08","date_gmt":"2024-08-21T11:33:08","guid":{"rendered":"https:\/\/nazarenonews.com.br\/?p=2362"},"modified":"2024-08-21T07:33:42","modified_gmt":"2024-08-21T11:33:42","slug":"previsao-do-tempo-quarta-feira-21-com-alerta-para-onda-de-calor-e-baixa-umidade-no-mato-grosso","status":"publish","type":"post","link":"https:\/\/nazarenonews.com.br\/index.php\/2024\/08\/21\/previsao-do-tempo-quarta-feira-21-com-alerta-para-onda-de-calor-e-baixa-umidade-no-mato-grosso\/","title":{"rendered":"PREVIS\u00c3O DO TEMPO: quarta-feira (21) com alerta para onda de calor e baixa umidade no Mato Grosso"},"content":{"rendered":"\n<p>Nesta quarta-feira (21), o Instituto Nacional de Meteorologia (Inmet) alerta para perigo potencial de baixa umidade em todo o Mato Grosso, em cidades como Mirassol d&#8217;Oeste, Primavera do Leste e Tangar\u00e1 da Serra.<\/p>\n\n\n\n<p>Tamb\u00e9m h\u00e1 alerta para perigo de onda de calor no centro-sul, sudeste, sudoeste e norte mato-grossense, atingindo cidades como Cuiab\u00e1, C\u00e1ceres e Alto Paraguai.<\/p>\n\n\n\n<p>A previs\u00e3o \u00e9 de poucas nuvens em todo o Mato Grosso durante o dia e \u00e0 noite.<\/p>\n\n\n\n<p>A temperatura m\u00ednima fica em torno de 18\u00b0C, em Pedra Preta, e a m\u00e1xima prevista \u00e9 de 41\u00baC, em Colniza. A umidade relativa do ar varia entre 10% e 40%.<\/p>\n\n\n\n<p>As informa\u00e7\u00f5es s\u00e3o do Instituto Nacional de Meteorologia.<\/p>\n\n\n\n<p>Fonte: <a href=\"https:\/\/brasil61.com\/n\/previsao-do-tempo-quarta-feira-21-com-alerta-para-onda-de-calor-e-baixa-umidade-no-mato-grosso-ptco243765\" target=\"_blank\" rel=\"noreferrer noopener\">Brasil 61<\/a><\/p>\n","protected":false},"excerpt":{"rendered":"<p>Nesta quarta-feira (21), o Instituto Nacional de Meteorologia (Inmet) alerta para perigo potencial de baixa umidade em todo o Mato Grosso, em cidades como Mirassol d&#8217;Oeste, Primavera do Leste e Tangar\u00e1 da Serra. Tamb\u00e9m h\u00e1 alerta para perigo de onda de calor no centro-sul, sudeste, sudoeste e norte mato-grossense, atingindo cidades como Cuiab\u00e1, C\u00e1ceres e [&hellip;]<\/p>\n","protected":false},"author":2,"featured_media":2184,"comment_status":"closed","ping_status":"closed","sticky":false,"template":"","format":"standard","meta":{"_monsterinsights_skip_tracking":false,"_monsterinsights_sitenote_active":false,"_monsterinsights_sitenote_note":"","_monsterinsights_sitenote_category":0,"footnotes":""},"categories":[52],"tags":[],"_links":{"self":[{"href":"https:\/\/nazarenonews.com.br\/index.php\/wp-json\/wp\/v2\/posts\/2362"}],"collection":[{"href":"https:\/\/nazarenonews.com.br\/index.php\/wp-json\/wp\/v2\/posts"}],"about":[{"href":"https:\/\/nazarenonews.com.br\/index.php\/wp-json\/wp\/v2\/types\/post"}],"author":[{"embeddable":true,"href":"https:\/\/nazarenonews.com.br\/index.php\/wp-json\/wp\/v2\/users\/2"}],"replies":[{"embeddable":true,"href":"https:\/\/nazarenonews.com.br\/index.php\/wp-json\/wp\/v2\/comments?post=2362"}],"version-history":[{"count":1,"href":"https:\/\/nazarenonews.com.br\/index.php\/wp-json\/wp\/v2\/posts\/2362\/revisions"}],"predecessor-version":[{"id":2363,"href":"https:\/\/nazarenonews.com.br\/index.php\/wp-json\/wp\/v2\/posts\/2362\/revisions\/2363"}],"wp:featuredmedia":[{"embeddable":true,"href":"https:\/\/nazarenonews.com.br\/index.php\/wp-json\/wp\/v2\/media\/2184"}],"wp:attachment":[{"href":"https:\/\/nazarenonews.com.br\/index.php\/wp-json\/wp\/v2\/media?parent=2362"}],"wp:term":[{"taxonomy":"category","embeddable":true,"href":"https:\/\/nazarenonews.com.br\/index.php\/wp-json\/wp\/v2\/categories?post=2362"},{"taxonomy":"post_tag","embeddable":true,"href":"https:\/\/nazarenonews.com.br\/index.php\/wp-json\/wp\/v2\/tags?post=2362"}],"curies":[{"name":"wp","href":"https:\/\/api.w.org\/{rel}","templated":true}]}}