{"id":2360,"date":"2024-08-21T07:31:47","date_gmt":"2024-08-21T11:31:47","guid":{"rendered":"https:\/\/nazarenonews.com.br\/?p=2360"},"modified":"2024-08-21T07:31:47","modified_gmt":"2024-08-21T11:31:47","slug":"mauro-detona-projeto-de-colocar-cameras-nas-fardas-inventam-coisas-superficiais-que-nao-dao-resultado","status":"publish","type":"post","link":"https:\/\/nazarenonews.com.br\/index.php\/2024\/08\/21\/mauro-detona-projeto-de-colocar-cameras-nas-fardas-inventam-coisas-superficiais-que-nao-dao-resultado\/","title":{"rendered":"Mauro detona projeto de colocar c\u00e2meras nas fardas: \u201cInventam coisas superficiais que n\u00e3o d\u00e3o resultado\u201d"},"content":{"rendered":"\n<p>Rep\u00f3rter MT<\/p>\n\n\n\n<p>O governador Mauro Mendes (Uni\u00e3o) voltou a defender uma reforma no C\u00f3digo Penal Brasileiro para conter o aumento dos \u00edndices de viol\u00eancia e criticou&nbsp;o que ele avalia como inven\u00e7\u00f5es superficiais, a exemplo das c\u00e2meras nas fardas dos policias. Para o chefe do Executivo, essas medidas n\u00e3o ser\u00e3o \u00fateis para solucionar a quest\u00e3o central que \u00e9 a sensa\u00e7\u00e3o de impunidade que impera no pa\u00eds. Ao inv\u00e9s disso, destaca Mauro,&nbsp;\u00e9 preciso ir mais a fundo na quest\u00e3o para encontrar solu\u00e7\u00f5es.<\/p>\n\n\n\n<p><em><strong>\u201cN\u00f3s estamos errando aonde? Na estrat\u00e9gia. N\u00f3s estamos errando naquilo que \u00e9 fundamental, que \u00e9 ter uma regra de sociedade que as pessoas falam, &#8216;poxa vida, n\u00e3o vale a pena eu descumprir essa regra, n\u00e3o. Se eu descumprir a consequ\u00eancia vai ser muito ruim&#8217;. Hoje, a grande maioria acredita na impunidade nesse pa\u00eds. Se n\u00f3s n\u00e3o invertemos essa l\u00f3gica, dificilmente n\u00f3s vamos ganhar essa guerra contra a viol\u00eancia no pa\u00eds\u201d<\/strong><\/em>, disse em discurso durante evento realizado no Pal\u00e1cio Paiagu\u00e1s na segunda-feira (19).<\/p>\n\n\n\n<p><strong><a href=\"https:\/\/chat.whatsapp.com\/J38QtOktubH4CagBvaLebc\" target=\"_blank\" rel=\"noreferrer noopener\">&gt;&gt;&gt; Clique aqui e receba not\u00edcias de MT na palma da sua m\u00e3o<\/a><\/strong><\/p>\n\n\n\n<p><em><strong>\u201cEu espero que um dia algu\u00e9m compreenda isso, que saiba o caminho correto, que n\u00e3o fique inventando coisas superficiais, que faz muito barulho, mas que n\u00e3o d\u00e3o resultado, que n\u00e3o d\u00e3o resultado. Uma delas \u00e9 querer enfrentar a viol\u00eancia, eu sei que \u00e9 muito pol\u00eamica, mas \u00e9 querer enfrentar a viol\u00eancia no pa\u00eds e o carro-chefe dessa proposta \u00e9 colocar c\u00e2mera na farda dos nossos policiais, como se os nossos policiais fossem os grandes praticantes de incr\u00edveis crimes e n\u00f3s tiv\u00e9ssemos que conter a sua atua\u00e7\u00e3o para que isso mudasse\u201d<\/strong><\/em>, disse.<\/p>\n\n\n\n<p>Em Mato Grosso, o tema \u00e9 abordado em um projeto apresentado pelo deputado estadual Wilson Santos (PSD), que prop\u00f5e que policiais militares usem dispositivos de monitoramento nas fardas para gravar a atua\u00e7\u00e3o deles em trabalho. O modelo \u00e9 usado nos estados de Minas Gerais, Par\u00e1, Rio de Janeiro, Santa Catarina e S\u00e3o Paulo, sempre com muita pol\u00eamica.<\/p>\n\n\n\n<p>Em uma outra ocasi\u00e3o, ao comentar o assunto, o governador ironizou a proposta e sugeriu colocar c\u00e2meras nos bandidos.<\/p>\n\n\n\n<p>Para Mauro, \u00e9 preciso mudar o cen\u00e1rio vivenciado no pa\u00eds em que criminosos e cidad\u00e3os t\u00eam absoluta convic\u00e7\u00e3o na impunidade de criminosos. A solu\u00e7\u00e3o, na vis\u00e3o de Mauro Mendes, \u00e9 uma reforma do C\u00f3digo Penal, promulgado em 1940, e considerado pelo governador como ultrapassado.<\/p>\n\n\n\n<p><em><strong>\u201cO bandido perdeu o medo da pol\u00edcia, perdeu o medo da justi\u00e7a, perdeu o medo das autoridades, essa \u00e9 uma dura realidade do nosso pa\u00eds. Se n\u00f3s n\u00e3o resgatarmos na ess\u00eancia esse valor de respeito, se n\u00e3o for o respeito que seja do medo, medo do sistema de Justi\u00e7a, medo da puni\u00e7\u00e3o, e certeza que qualquer ato indevido vai ter consequ\u00eancias e consequ\u00eancias graves&#8230; Eu falo e vou repetir aqui mais uma vez, leis duras e inteligentes mudam o padr\u00e3o de comportamento de uma sociedade\u201d<\/strong><\/em>, disse o governador.<\/p>\n\n\n\n<p>Mauro lembrou que o C\u00f3digo Penal Brasileiro \u00e9 de 1940 e n\u00e3o acompanhba as transforma\u00e7\u00f5es que ocorreram na sociedade brasileira ao longo de tantas d\u00e9cadas.&nbsp;<em><strong>&#8220;N\u00f3s damos um C\u00f3digo Penal com alguns remendos aqui e l\u00e1, mas que n\u00e3o responde com um instrumento normativo de regras para botar fim ou botar um rumo diferente no aumento da viol\u00eancia do nosso pa\u00eds\u201d<\/strong><\/em>, afirmou Mauro.<\/p>\n\n\n\n<p>Mauro ressaltou que todos os estados e o Governo Federal t\u00eam feito investimentos na \u00e1rea, mas os resultados n\u00e3o s\u00e3o satisfat\u00f3rios. Para ele, o Congresso Nacional precisa mudar a lei ou o cen\u00e1rio continuar\u00e1 o mesmo. Ele tamb\u00e9m sugeriu que seja adotado o modelo americano, em que cada estado possui autonomia para legislar em mat\u00e9ria penal, o que n\u00e3o \u00e9 permitido pela atual Constitui\u00e7\u00e3o.<\/p>\n\n\n\n<p>\u201cDificilmente a gente vai zerar esse crime se n\u00f3s estivermos num pa\u00eds violento, se a viol\u00eancia contra a vida, se o desrespeito \u00e0 vida, ao ser humano, est\u00e1 sendo praticado a todo momento com essa sensa\u00e7\u00e3o de impunidade\u201d, concluiu.<\/p>\n","protected":false},"excerpt":{"rendered":"<p>Rep\u00f3rter MT O governador Mauro Mendes (Uni\u00e3o) voltou a defender uma reforma no C\u00f3digo Penal Brasileiro para conter o aumento dos \u00edndices de viol\u00eancia e criticou&nbsp;o que ele avalia como inven\u00e7\u00f5es superficiais, a exemplo das c\u00e2meras nas fardas dos policias. Para o chefe do Executivo, essas medidas n\u00e3o ser\u00e3o \u00fateis para solucionar a quest\u00e3o central [&hellip;]<\/p>\n","protected":false},"author":2,"featured_media":2349,"comment_status":"closed","ping_status":"closed","sticky":false,"template":"","format":"standard","meta":{"_monsterinsights_skip_tracking":false,"_monsterinsights_sitenote_active":false,"_monsterinsights_sitenote_note":"","_monsterinsights_sitenote_category":0,"footnotes":""},"categories":[1,48],"tags":[],"_links":{"self":[{"href":"https:\/\/nazarenonews.com.br\/index.php\/wp-json\/wp\/v2\/posts\/2360"}],"collection":[{"href":"https:\/\/nazarenonews.com.br\/index.php\/wp-json\/wp\/v2\/posts"}],"about":[{"href":"https:\/\/nazarenonews.com.br\/index.php\/wp-json\/wp\/v2\/types\/post"}],"author":[{"embeddable":true,"href":"https:\/\/nazarenonews.com.br\/index.php\/wp-json\/wp\/v2\/users\/2"}],"replies":[{"embeddable":true,"href":"https:\/\/nazarenonews.com.br\/index.php\/wp-json\/wp\/v2\/comments?post=2360"}],"version-history":[{"count":1,"href":"https:\/\/nazarenonews.com.br\/index.php\/wp-json\/wp\/v2\/posts\/2360\/revisions"}],"predecessor-version":[{"id":2361,"href":"https:\/\/nazarenonews.com.br\/index.php\/wp-json\/wp\/v2\/posts\/2360\/revisions\/2361"}],"wp:featuredmedia":[{"embeddable":true,"href":"https:\/\/nazarenonews.com.br\/index.php\/wp-json\/wp\/v2\/media\/2349"}],"wp:attachment":[{"href":"https:\/\/nazarenonews.com.br\/index.php\/wp-json\/wp\/v2\/media?parent=2360"}],"wp:term":[{"taxonomy":"category","embeddable":true,"href":"https:\/\/nazarenonews.com.br\/index.php\/wp-json\/wp\/v2\/categories?post=2360"},{"taxonomy":"post_tag","embeddable":true,"href":"https:\/\/nazarenonews.com.br\/index.php\/wp-json\/wp\/v2\/tags?post=2360"}],"curies":[{"name":"wp","href":"https:\/\/api.w.org\/{rel}","templated":true}]}}