{"id":2351,"date":"2024-08-20T18:37:07","date_gmt":"2024-08-20T22:37:07","guid":{"rendered":"https:\/\/nazarenonews.com.br\/?p=2351"},"modified":"2024-08-20T18:37:08","modified_gmt":"2024-08-20T22:37:08","slug":"depois-de-onda-de-calor-extremo-cuiaba-tera-minima-de-14-graus-na-proxima-semana","status":"publish","type":"post","link":"https:\/\/nazarenonews.com.br\/index.php\/2024\/08\/20\/depois-de-onda-de-calor-extremo-cuiaba-tera-minima-de-14-graus-na-proxima-semana\/","title":{"rendered":"Depois de onda de calor extremo, Cuiab\u00e1 ter\u00e1 m\u00ednima de 14 graus na pr\u00f3xima semana"},"content":{"rendered":"\n<p>REP\u00d3TER MT<\/p>\n\n\n\n<p>Este m\u00eas de agosto tem sido marcado por extremos clim\u00e1ticos em todo o Brasil. Em Cuiab\u00e1, por exemplo, os \u00faltimos dias foram marcados pelas altas temperaturas e baix\u00edssima umidade do ar. E em meio a uma onda de calor que tem elevado os term\u00f4metros \u00e0 casa dos 40 graus,&nbsp;o Instituto Climatempo prev\u00ea uma nova frente fria na pr\u00f3xima semana, quando a m\u00ednima pode cair a at\u00e9 14 graus.<\/p>\n\n\n\n<p>A nova frente fria, de caracter\u00edstica continental associada a um ciclone extratropical no mar, vai avan\u00e7ar sobre o pa\u00eds trazendo chuva e derrubando as temperaturas no centro-sul do Brasil. Em Mato Grosso, no entanto, a possibilidade de chuva seguir\u00e1 zerada.\u00a0<\/p>\n\n\n\n<p>De acordo com o instituto, os term\u00f4metros devem come\u00e7ar a baixar j\u00e1 neste final de semana. No domingo (24), existe um alerta de mudan\u00e7a brusca de temperatura para Cuiab\u00e1. Neste dia, a m\u00ednima registrada dever\u00e1 ser de 18 graus e a a m\u00e1xima n\u00e3o deve passar dos 24\u00baC.<\/p>\n\n\n\n<p>Na segunda-feira (26), os term\u00f4metros caem ainda mais, e a m\u00ednima deve atingir 14 graus e a m\u00e1xima j\u00e1 fica mais elevada, chegando a 31\u00baC. O sol deve sair em meio \u00e0s nuvens, mas n\u00e3o h\u00e1 chance de chuva.&nbsp;Na ter\u00e7a (27) os term\u00f4metros sobem um pouco mais, e a m\u00ednima ser\u00e1 de 17 graus e m\u00e1xima de 35\u00baC.<\/p>\n\n\n\n<p>A previs\u00e3o aponta que o &#8220;calor\u00e3o&#8221; deve retornar j\u00e1 na quarta-feira (28), quando um novo alerta de mudan\u00e7a brusca \u00e9 registrado e a m\u00e1xima prevista pode alcan\u00e7ar os 42 graus.<\/p>\n\n\n\n<p>O alerta segue na quinta(29) com a m\u00ednima em 26 graus e m\u00e1xima ainda na casa dos 42\u00baC.<\/p>\n\n\n\n<p>O calor\u00e3o ent\u00e3o n\u00e3o dar\u00e1 tr\u00e9gua e, conforme o Climatempo, na semana seguinte j\u00e1 adentrando o m\u00eas de outubro, Cuiab\u00e1 dever\u00e1 marcar um novo recorde de calor extremo. Para a segunda-feira (02) e ter\u00e7a-feira (03), a previs\u00e3o \u00e9 de 44 graus.&nbsp;<\/p>\n","protected":false},"excerpt":{"rendered":"<p>REP\u00d3TER MT Este m\u00eas de agosto tem sido marcado por extremos clim\u00e1ticos em todo o Brasil. Em Cuiab\u00e1, por exemplo, os \u00faltimos dias foram marcados pelas altas temperaturas e baix\u00edssima umidade do ar. E em meio a uma onda de calor que tem elevado os term\u00f4metros \u00e0 casa dos 40 graus,&nbsp;o Instituto Climatempo prev\u00ea uma [&hellip;]<\/p>\n","protected":false},"author":2,"featured_media":2352,"comment_status":"closed","ping_status":"closed","sticky":false,"template":"","format":"standard","meta":{"_monsterinsights_skip_tracking":false,"_monsterinsights_sitenote_active":false,"_monsterinsights_sitenote_note":"","_monsterinsights_sitenote_category":0,"footnotes":""},"categories":[1],"tags":[],"_links":{"self":[{"href":"https:\/\/nazarenonews.com.br\/index.php\/wp-json\/wp\/v2\/posts\/2351"}],"collection":[{"href":"https:\/\/nazarenonews.com.br\/index.php\/wp-json\/wp\/v2\/posts"}],"about":[{"href":"https:\/\/nazarenonews.com.br\/index.php\/wp-json\/wp\/v2\/types\/post"}],"author":[{"embeddable":true,"href":"https:\/\/nazarenonews.com.br\/index.php\/wp-json\/wp\/v2\/users\/2"}],"replies":[{"embeddable":true,"href":"https:\/\/nazarenonews.com.br\/index.php\/wp-json\/wp\/v2\/comments?post=2351"}],"version-history":[{"count":1,"href":"https:\/\/nazarenonews.com.br\/index.php\/wp-json\/wp\/v2\/posts\/2351\/revisions"}],"predecessor-version":[{"id":2353,"href":"https:\/\/nazarenonews.com.br\/index.php\/wp-json\/wp\/v2\/posts\/2351\/revisions\/2353"}],"wp:featuredmedia":[{"embeddable":true,"href":"https:\/\/nazarenonews.com.br\/index.php\/wp-json\/wp\/v2\/media\/2352"}],"wp:attachment":[{"href":"https:\/\/nazarenonews.com.br\/index.php\/wp-json\/wp\/v2\/media?parent=2351"}],"wp:term":[{"taxonomy":"category","embeddable":true,"href":"https:\/\/nazarenonews.com.br\/index.php\/wp-json\/wp\/v2\/categories?post=2351"},{"taxonomy":"post_tag","embeddable":true,"href":"https:\/\/nazarenonews.com.br\/index.php\/wp-json\/wp\/v2\/tags?post=2351"}],"curies":[{"name":"wp","href":"https:\/\/api.w.org\/{rel}","templated":true}]}}