{"id":2348,"date":"2024-08-20T18:34:13","date_gmt":"2024-08-20T22:34:13","guid":{"rendered":"https:\/\/nazarenonews.com.br\/?p=2348"},"modified":"2024-08-20T18:34:13","modified_gmt":"2024-08-20T22:34:13","slug":"mauro-desabafa-em-evento-diz-que-faccoes-dominam-o-pais-e-que-justica-tem-dificuldade-em-ser-justa","status":"publish","type":"post","link":"https:\/\/nazarenonews.com.br\/index.php\/2024\/08\/20\/mauro-desabafa-em-evento-diz-que-faccoes-dominam-o-pais-e-que-justica-tem-dificuldade-em-ser-justa\/","title":{"rendered":"Mauro desabafa em evento, diz que fac\u00e7\u00f5es dominam o pa\u00eds e que Justi\u00e7a tem dificuldade em ser justa"},"content":{"rendered":"\n<p>REP\u00d3RTER MT<\/p>\n\n\n\n<p>O governador Mauro Mendes (Uni\u00e3o) defendeu uma reforma no C\u00f3digo Penal Brasileiro para que o pa\u00eds possa superar o desafio da seguran\u00e7a p\u00fablica, que ele considera o \u201cprincipal c\u00e2ncer\u201d a impedir o desenvolvimento do Brasil. A fala foi feita na \u00faltima sexta-feira (16), durante discurso no 23\u00ba F\u00f3rum Empresarial LIDE, que reuniu diversas autoridades, empres\u00e1rios e investidores no Rio de Janeiro.<\/p>\n\n\n\n<p>Para o governador, a sensa\u00e7\u00e3o de inseguran\u00e7a tem tr\u00eas fatores principais: as desigualdades sociais, a sensa\u00e7\u00e3o de impunidade e a lentid\u00e3o do sistema de Justi\u00e7a do Brasil.<\/p>\n\n\n\n<p><strong><em>\u201cN\u00f3s vivemos em um pa\u00eds onde a seguran\u00e7a p\u00fablica \u00e9 hoje o maior desafio. N\u00e3o adianta eu ou qualquer um dos meus colegas governadores dizermos que estamos fazendo, e certamente estamos fazendo muito. Eu disse uma vez que se n\u00f3s coloc\u00e1ssemos aqui os 27 governadores e o governo federal, todos iam dizer que est\u00e3o fazendo muito. E \u00e9 verdade. Mas a percep\u00e7\u00e3o do brasileiro e do mundo \u00e9 que a seguran\u00e7a p\u00fablica n\u00e3o est\u00e1 bem no nosso pa\u00eds\u201d<\/em><\/strong>, disse Mauro.<\/p>\n\n\n\n<p><em><strong>\u201cAs fac\u00e7\u00f5es criminosas dominam esse pa\u00eds h\u00e1 algum tempo. Come\u00e7ou h\u00e1 mais de 30 anos, dentro das pris\u00f5es. E esse crescimento foi retroalimentado por um perverso modelo social, uma sensa\u00e7\u00e3o de impunidade e, acima de tudo, de uma Justi\u00e7a que tem dificuldade em ser justa, sem ser r\u00e1pida, em ser c\u00e9lere\u201d<\/strong><\/em>, acrescentou.<\/p>\n\n\n\n<p>Para Mauro Mendes, a demora da Justi\u00e7a em conduzir processos, que em alguns casos pode ultrapassar uma d\u00e9cada cria um ambiente de inseguran\u00e7a e com a apar\u00eancia de impunidade. O governador tamb\u00e9m criticou a quantidade de processos que chegam ao STF. Conforme o governador, em um ano aquele tribunal julgou mais de 14 mil processos.<\/p>\n\n\n\n<p><strong><em>\u201cIsso repousa em um modelo de um C\u00f3digo Penal de 1940, quando muitos de n\u00f3s aqui presentes e grande parte desse pa\u00eds, nem nascido era. E esse c\u00f3digo n\u00e3o representa a realidade do Brasil nesse momento e a necessidade para combater esse principal c\u00e2ncer, que vai atravancar o desenvolvimento dos nossos estados, do nosso pa\u00eds e da na\u00e7\u00e3o brasileira\u201d<\/em><\/strong>, disse Mauro.<\/p>\n\n\n\n<p>Para o governador, ter esse entendimento \u00e9 necess\u00e1rio para que o pa\u00eds consiga superar esse obst\u00e1culo, que afasta investimentos dos estados brasileiros. De outro modo, disse o governador, o Brasil estaria incorrendo nos mesmos erros do passado, perdendo o bonde do desenvolvimento.<\/p>\n","protected":false},"excerpt":{"rendered":"<p>REP\u00d3RTER MT O governador Mauro Mendes (Uni\u00e3o) defendeu uma reforma no C\u00f3digo Penal Brasileiro para que o pa\u00eds possa superar o desafio da seguran\u00e7a p\u00fablica, que ele considera o \u201cprincipal c\u00e2ncer\u201d a impedir o desenvolvimento do Brasil. A fala foi feita na \u00faltima sexta-feira (16), durante discurso no 23\u00ba F\u00f3rum Empresarial LIDE, que reuniu diversas [&hellip;]<\/p>\n","protected":false},"author":2,"featured_media":2349,"comment_status":"closed","ping_status":"closed","sticky":false,"template":"","format":"standard","meta":{"_monsterinsights_skip_tracking":false,"_monsterinsights_sitenote_active":false,"_monsterinsights_sitenote_note":"","_monsterinsights_sitenote_category":0,"footnotes":""},"categories":[1],"tags":[],"_links":{"self":[{"href":"https:\/\/nazarenonews.com.br\/index.php\/wp-json\/wp\/v2\/posts\/2348"}],"collection":[{"href":"https:\/\/nazarenonews.com.br\/index.php\/wp-json\/wp\/v2\/posts"}],"about":[{"href":"https:\/\/nazarenonews.com.br\/index.php\/wp-json\/wp\/v2\/types\/post"}],"author":[{"embeddable":true,"href":"https:\/\/nazarenonews.com.br\/index.php\/wp-json\/wp\/v2\/users\/2"}],"replies":[{"embeddable":true,"href":"https:\/\/nazarenonews.com.br\/index.php\/wp-json\/wp\/v2\/comments?post=2348"}],"version-history":[{"count":1,"href":"https:\/\/nazarenonews.com.br\/index.php\/wp-json\/wp\/v2\/posts\/2348\/revisions"}],"predecessor-version":[{"id":2350,"href":"https:\/\/nazarenonews.com.br\/index.php\/wp-json\/wp\/v2\/posts\/2348\/revisions\/2350"}],"wp:featuredmedia":[{"embeddable":true,"href":"https:\/\/nazarenonews.com.br\/index.php\/wp-json\/wp\/v2\/media\/2349"}],"wp:attachment":[{"href":"https:\/\/nazarenonews.com.br\/index.php\/wp-json\/wp\/v2\/media?parent=2348"}],"wp:term":[{"taxonomy":"category","embeddable":true,"href":"https:\/\/nazarenonews.com.br\/index.php\/wp-json\/wp\/v2\/categories?post=2348"},{"taxonomy":"post_tag","embeddable":true,"href":"https:\/\/nazarenonews.com.br\/index.php\/wp-json\/wp\/v2\/tags?post=2348"}],"curies":[{"name":"wp","href":"https:\/\/api.w.org\/{rel}","templated":true}]}}