{"id":2337,"date":"2024-08-20T07:25:18","date_gmt":"2024-08-20T11:25:18","guid":{"rendered":"https:\/\/nazarenonews.com.br\/?p=2337"},"modified":"2024-08-20T07:25:18","modified_gmt":"2024-08-20T11:25:18","slug":"problemas-tecnicos-atingem-2-voos-da-gol-entre-mt-e-sp","status":"publish","type":"post","link":"https:\/\/nazarenonews.com.br\/index.php\/2024\/08\/20\/problemas-tecnicos-atingem-2-voos-da-gol-entre-mt-e-sp\/","title":{"rendered":"Problemas t\u00e9cnicos atingem 2 voos da Gol entre MT e SP"},"content":{"rendered":"\n<p>Allan@gazetadigital.com.br<\/p>\n\n\n\n<p>Dois voos da companhia Gol Linhas A\u00e9reas, que fariam o trajeto entre Cuiab\u00e1 e S\u00e3o Paulo, foram afetados por problemas t\u00e9cnicos nas \u00faltimas 24 horas. Um deles decolaria do Aeroporto Marechal Rondon nesta segunda-feira (19) e precisou ser cancelado\u00a0<strong>(confira abaixo)<\/strong>.\u00a0<\/p>\n\n\n\n<p>O primeiro caso foi registrado em um voo da Gol Linhas A\u00e9reas que decolou de Guarulhos (S\u00e3o Paulo) com destino \u00e0 Sinop (500 km de Cuiab\u00e1), que precisou retornar para ao aeroporto ap\u00f3s a tripula\u00e7\u00e3o identificar problemas t\u00e9cnicos na aeronave, na manh\u00e3 deste domingo (18).<\/p>\n\n\n\n<p><br>O voo G3-1480 decolou por volta das 9h, com previs\u00e3o de pousar na Capital do Nort\u00e3o por volta das 10h35. Conforme apurou o\u00a0Gazeta Digital\u00a0no Flight Radar, site que permite rastrear voos em tempo real em todo o mundo, o Boeing 737-800 retornou para o aeroporto de Guarulhos ap\u00f3s ter feito 11 \u00f3rbitas (voltas em padr\u00e3o de espera) no norte de S\u00e3o Paulo.<\/p>\n\n\n\n<p><br>O mapa mostra que a aeronave precisou voar em c\u00edrculos pelas regi\u00f5es de Jaguari\u00fana e Bragan\u00e7a Paulista at\u00e9 que pudesse retornar ao terminal, 2 horas ap\u00f3s a decolagem.<\/p>\n\n\n\n<p><br>Por meio de nota, a companhia informou que o pouso ocorreu sem qualquer intercorr\u00eancia e todos os clientes \u201creceberam as facilidades previstas pela resolu\u00e7\u00e3o 400 da ANAC\u201d.<\/p>\n\n\n\n<p><br>Disse tamb\u00e9m que o novo voo para Sinop ocorreu normalmente na tarde de domingo.<\/p>\n","protected":false},"excerpt":{"rendered":"<p>Allan@gazetadigital.com.br Dois voos da companhia Gol Linhas A\u00e9reas, que fariam o trajeto entre Cuiab\u00e1 e S\u00e3o Paulo, foram afetados por problemas t\u00e9cnicos nas \u00faltimas 24 horas. Um deles decolaria do Aeroporto Marechal Rondon nesta segunda-feira (19) e precisou ser cancelado\u00a0(confira abaixo).\u00a0 O primeiro caso foi registrado em um voo da Gol Linhas A\u00e9reas que decolou [&hellip;]<\/p>\n","protected":false},"author":2,"featured_media":2338,"comment_status":"closed","ping_status":"closed","sticky":false,"template":"","format":"standard","meta":{"_monsterinsights_skip_tracking":false,"_monsterinsights_sitenote_active":false,"_monsterinsights_sitenote_note":"","_monsterinsights_sitenote_category":0,"footnotes":""},"categories":[1],"tags":[],"_links":{"self":[{"href":"https:\/\/nazarenonews.com.br\/index.php\/wp-json\/wp\/v2\/posts\/2337"}],"collection":[{"href":"https:\/\/nazarenonews.com.br\/index.php\/wp-json\/wp\/v2\/posts"}],"about":[{"href":"https:\/\/nazarenonews.com.br\/index.php\/wp-json\/wp\/v2\/types\/post"}],"author":[{"embeddable":true,"href":"https:\/\/nazarenonews.com.br\/index.php\/wp-json\/wp\/v2\/users\/2"}],"replies":[{"embeddable":true,"href":"https:\/\/nazarenonews.com.br\/index.php\/wp-json\/wp\/v2\/comments?post=2337"}],"version-history":[{"count":1,"href":"https:\/\/nazarenonews.com.br\/index.php\/wp-json\/wp\/v2\/posts\/2337\/revisions"}],"predecessor-version":[{"id":2339,"href":"https:\/\/nazarenonews.com.br\/index.php\/wp-json\/wp\/v2\/posts\/2337\/revisions\/2339"}],"wp:featuredmedia":[{"embeddable":true,"href":"https:\/\/nazarenonews.com.br\/index.php\/wp-json\/wp\/v2\/media\/2338"}],"wp:attachment":[{"href":"https:\/\/nazarenonews.com.br\/index.php\/wp-json\/wp\/v2\/media?parent=2337"}],"wp:term":[{"taxonomy":"category","embeddable":true,"href":"https:\/\/nazarenonews.com.br\/index.php\/wp-json\/wp\/v2\/categories?post=2337"},{"taxonomy":"post_tag","embeddable":true,"href":"https:\/\/nazarenonews.com.br\/index.php\/wp-json\/wp\/v2\/tags?post=2337"}],"curies":[{"name":"wp","href":"https:\/\/api.w.org\/{rel}","templated":true}]}}