{"id":2334,"date":"2024-08-20T07:20:43","date_gmt":"2024-08-20T11:20:43","guid":{"rendered":"https:\/\/nazarenonews.com.br\/?p=2334"},"modified":"2024-08-20T07:20:44","modified_gmt":"2024-08-20T11:20:44","slug":"mt-tem-a-segunda-menor-taxa-de-desemprego-do-pais","status":"publish","type":"post","link":"https:\/\/nazarenonews.com.br\/index.php\/2024\/08\/20\/mt-tem-a-segunda-menor-taxa-de-desemprego-do-pais\/","title":{"rendered":"MT tem a segunda menor taxa de desemprego do pa\u00eds"},"content":{"rendered":"\n<p>G1-MT<\/p>\n\n\n\n<p>Mato grosso tem a&nbsp;<strong>segunda menor taxa de desocupa\u00e7\u00e3o<\/strong>&nbsp;do pa\u00eds no 2\u00ba trimestre de 2024, nos meses de abril, maio e junho. O \u00edndice \u00e9 de&nbsp;<strong>3,3%<\/strong>&nbsp;e o estado fica atr\u00e1s somente de Santa Catarina, com 3,2% de desocupa\u00e7\u00e3o, conforme os dados da Pesquisa Nacional por Amostra de Domic\u00edlios (PNAD), divulgada no \u00faltimo s\u00e1bado (17).<\/p>\n\n\n\n<p>Segundo o levantamento, atualmente, 67,7% dos mato-grossenses est\u00e3o ocupados, sendo&nbsp;222 mil pelo setor p\u00fablico, 805 mil pela iniciativa privada com carteira assinada e 645 mil de forma informal.<\/p>\n\n\n\n<p>J\u00e1 as\u00a0<strong>maiores\u00a0<\/strong>taxas de desemprego por estados foram encontradas em Pernambuco (11,5%), Bahia (11,1%) e Distrito Federal (9,7%).<\/p>\n\n\n\n<p>No fim de julho, o IBGE mostrou que a taxa de desemprego no Brasil foi de 6,9% no fechameto do 2\u00ba trimestre.<\/p>\n\n\n\n<p>Em rela\u00e7\u00e3o ao trimestre imediatamente anterior, encerrado em mar\u00e7o, houve queda de 1 ponto percentual (p.p.) na taxa de desocupa\u00e7\u00e3o, que era de 7,9%. No mesmo trimestre de 2023, a taxa era de 8%.<\/p>\n\n\n\n<p>Trata-se do melhor resultado para um trimestre encerrado em junho desde 2014 (6,9%). Na s\u00e9rie compar\u00e1vel, \u00e9 a menor taxa desde o quarto trimestre de 2014 (6,6%).<\/p>\n","protected":false},"excerpt":{"rendered":"<p>G1-MT Mato grosso tem a&nbsp;segunda menor taxa de desocupa\u00e7\u00e3o&nbsp;do pa\u00eds no 2\u00ba trimestre de 2024, nos meses de abril, maio e junho. O \u00edndice \u00e9 de&nbsp;3,3%&nbsp;e o estado fica atr\u00e1s somente de Santa Catarina, com 3,2% de desocupa\u00e7\u00e3o, conforme os dados da Pesquisa Nacional por Amostra de Domic\u00edlios (PNAD), divulgada no \u00faltimo s\u00e1bado (17). Segundo [&hellip;]<\/p>\n","protected":false},"author":2,"featured_media":2335,"comment_status":"closed","ping_status":"closed","sticky":false,"template":"","format":"standard","meta":{"_monsterinsights_skip_tracking":false,"_monsterinsights_sitenote_active":false,"_monsterinsights_sitenote_note":"","_monsterinsights_sitenote_category":0,"footnotes":""},"categories":[1],"tags":[],"_links":{"self":[{"href":"https:\/\/nazarenonews.com.br\/index.php\/wp-json\/wp\/v2\/posts\/2334"}],"collection":[{"href":"https:\/\/nazarenonews.com.br\/index.php\/wp-json\/wp\/v2\/posts"}],"about":[{"href":"https:\/\/nazarenonews.com.br\/index.php\/wp-json\/wp\/v2\/types\/post"}],"author":[{"embeddable":true,"href":"https:\/\/nazarenonews.com.br\/index.php\/wp-json\/wp\/v2\/users\/2"}],"replies":[{"embeddable":true,"href":"https:\/\/nazarenonews.com.br\/index.php\/wp-json\/wp\/v2\/comments?post=2334"}],"version-history":[{"count":1,"href":"https:\/\/nazarenonews.com.br\/index.php\/wp-json\/wp\/v2\/posts\/2334\/revisions"}],"predecessor-version":[{"id":2336,"href":"https:\/\/nazarenonews.com.br\/index.php\/wp-json\/wp\/v2\/posts\/2334\/revisions\/2336"}],"wp:featuredmedia":[{"embeddable":true,"href":"https:\/\/nazarenonews.com.br\/index.php\/wp-json\/wp\/v2\/media\/2335"}],"wp:attachment":[{"href":"https:\/\/nazarenonews.com.br\/index.php\/wp-json\/wp\/v2\/media?parent=2334"}],"wp:term":[{"taxonomy":"category","embeddable":true,"href":"https:\/\/nazarenonews.com.br\/index.php\/wp-json\/wp\/v2\/categories?post=2334"},{"taxonomy":"post_tag","embeddable":true,"href":"https:\/\/nazarenonews.com.br\/index.php\/wp-json\/wp\/v2\/tags?post=2334"}],"curies":[{"name":"wp","href":"https:\/\/api.w.org\/{rel}","templated":true}]}}