{"id":2331,"date":"2024-08-19T18:49:16","date_gmt":"2024-08-19T22:49:16","guid":{"rendered":"https:\/\/nazarenonews.com.br\/?p=2331"},"modified":"2024-08-19T18:49:16","modified_gmt":"2024-08-19T22:49:16","slug":"mp-eleitoral-pede-suspensao-do-registro-da-candidatura-de-pablo-marcal","status":"publish","type":"post","link":"https:\/\/nazarenonews.com.br\/index.php\/2024\/08\/19\/mp-eleitoral-pede-suspensao-do-registro-da-candidatura-de-pablo-marcal\/","title":{"rendered":"MP Eleitoral pede suspens\u00e3o do registro da candidatura de Pablo Mar\u00e7al"},"content":{"rendered":"\n<p>METR\u00d3POLES <\/p>\n\n\n\n<p>\u00a0O\u00a0<a href=\"https:\/\/www.tse.jus.br\/servicos-eleitorais\/glossario\/termos\/ministerio-publico-eleitoral\" target=\"_blank\" rel=\"noreferrer noopener\">Minist\u00e9rio P\u00fablico Eleitoral<\/a>\u00a0pediu a suspens\u00e3o do registro da candidatura de\u00a0<a href=\"https:\/\/www.metropoles.com\/sao-paulo\/marcal-diz-que-tabata-estuda-propostas-porque-nao-tem-marido-video\">Pablo Mar\u00e7al, do\u00a0<\/a><a href=\"https:\/\/www.metropoles.com\/tag\/prtb\">PRTB,<\/a>\u00a0\u00e0 Prefeitura de\u00a0<a href=\"https:\/\/www.metropoles.com\/sao-paulo\">S\u00e3o Paulo<\/a><a href=\"https:\/\/www.metropoles.com\/tag\/prtb\">.<\/a>\u00a0A a\u00e7\u00e3o do \u00f3rg\u00e3o pede ainda para que sejam investigadas pr\u00e1ticas que podem se enquadrar como abuso de poder econ\u00f4mico.<\/p>\n\n\n\n<p>O pedido do MP Eleitoral veio depois de uma representa\u00e7\u00e3o feita pelo MDB, a partir de reportagens veiculadas na imprensa, que acusava o empres\u00e1rio de cooptar colaboradores \u201cpara dissemina\u00e7\u00e3o de seus conte\u00fados em redes sociais e servi\u00e7os de streaming que, com os olhos voltados para as elei\u00e7\u00f5es, reveste-se de car\u00e1ter il\u00edcito e abusivo\u201d.<\/p>\n\n\n\n<p>De acordo com o promotor eleitoral Fabiano Augusto Petean, a pr\u00e9-campanha de Mar\u00e7al ainda estimulava seus eleitores a engajarem pelas redes sociais postagens a seu favor em troca da promessa de pagamentos.<\/p>\n\n\n\n<p>\u201cAo estimular o eleitorado a propagar as mensagens eleitorais pela internet, o candidato, sem declarar a forma de pagamento e computar os fatos financeiramente em presta\u00e7\u00e3o de contas ou documenta\u00e7\u00f5es transparentes e h\u00e1beis \u00e0 demonstra\u00e7\u00e3o da lisura de contas, aponta para uma quantidade financeira n\u00e3o declarada, n\u00e3o documentada e sem condi\u00e7\u00f5es de relacionamento dos limites econ\u00f4micos utilizados para o \u2018fomento eleitoral\u2019 de tais comportamentos, desequilibrando o pleito eleitoral\u201d, diz o promotor.<\/p>\n\n\n\n<p>Procurada pelo&nbsp;<strong>Metr\u00f3poles<\/strong>, a campanha de Pablo Mar\u00e7al disse que \u201cn\u00e3o h\u00e1 financiamento nenhum por tr\u00e1s disso, nem na pr\u00e9-campanha, nem na campanha\u201d.<\/p>\n\n\n\n<p>A assessoria do candidato do PRTB afirmou ainda que a decis\u00e3o \u00e9 uma tentativa do \u201cbloco da esquerda\u201d de \u201ctentar frear quem realmente vai vencer as elei\u00e7\u00f5es\u201d.<\/p>\n\n\n\n<p><\/p>\n","protected":false},"excerpt":{"rendered":"<p>METR\u00d3POLES \u00a0O\u00a0Minist\u00e9rio P\u00fablico Eleitoral\u00a0pediu a suspens\u00e3o do registro da candidatura de\u00a0Pablo Mar\u00e7al, do\u00a0PRTB,\u00a0\u00e0 Prefeitura de\u00a0S\u00e3o Paulo.\u00a0A a\u00e7\u00e3o do \u00f3rg\u00e3o pede ainda para que sejam investigadas pr\u00e1ticas que podem se enquadrar como abuso de poder econ\u00f4mico. O pedido do MP Eleitoral veio depois de uma representa\u00e7\u00e3o feita pelo MDB, a partir de reportagens veiculadas na imprensa, [&hellip;]<\/p>\n","protected":false},"author":2,"featured_media":2332,"comment_status":"closed","ping_status":"closed","sticky":false,"template":"","format":"standard","meta":{"_monsterinsights_skip_tracking":false,"_monsterinsights_sitenote_active":false,"_monsterinsights_sitenote_note":"","_monsterinsights_sitenote_category":0,"footnotes":""},"categories":[37,1],"tags":[],"_links":{"self":[{"href":"https:\/\/nazarenonews.com.br\/index.php\/wp-json\/wp\/v2\/posts\/2331"}],"collection":[{"href":"https:\/\/nazarenonews.com.br\/index.php\/wp-json\/wp\/v2\/posts"}],"about":[{"href":"https:\/\/nazarenonews.com.br\/index.php\/wp-json\/wp\/v2\/types\/post"}],"author":[{"embeddable":true,"href":"https:\/\/nazarenonews.com.br\/index.php\/wp-json\/wp\/v2\/users\/2"}],"replies":[{"embeddable":true,"href":"https:\/\/nazarenonews.com.br\/index.php\/wp-json\/wp\/v2\/comments?post=2331"}],"version-history":[{"count":1,"href":"https:\/\/nazarenonews.com.br\/index.php\/wp-json\/wp\/v2\/posts\/2331\/revisions"}],"predecessor-version":[{"id":2333,"href":"https:\/\/nazarenonews.com.br\/index.php\/wp-json\/wp\/v2\/posts\/2331\/revisions\/2333"}],"wp:featuredmedia":[{"embeddable":true,"href":"https:\/\/nazarenonews.com.br\/index.php\/wp-json\/wp\/v2\/media\/2332"}],"wp:attachment":[{"href":"https:\/\/nazarenonews.com.br\/index.php\/wp-json\/wp\/v2\/media?parent=2331"}],"wp:term":[{"taxonomy":"category","embeddable":true,"href":"https:\/\/nazarenonews.com.br\/index.php\/wp-json\/wp\/v2\/categories?post=2331"},{"taxonomy":"post_tag","embeddable":true,"href":"https:\/\/nazarenonews.com.br\/index.php\/wp-json\/wp\/v2\/tags?post=2331"}],"curies":[{"name":"wp","href":"https:\/\/api.w.org\/{rel}","templated":true}]}}