{"id":2328,"date":"2024-08-19T18:44:25","date_gmt":"2024-08-19T22:44:25","guid":{"rendered":"https:\/\/nazarenonews.com.br\/?p=2328"},"modified":"2024-08-19T18:44:26","modified_gmt":"2024-08-19T22:44:26","slug":"operacao-lei-seca-resulta-na-prisao-de-4-motoristas-e-remocao-de-48-veiculos","status":"publish","type":"post","link":"https:\/\/nazarenonews.com.br\/index.php\/2024\/08\/19\/operacao-lei-seca-resulta-na-prisao-de-4-motoristas-e-remocao-de-48-veiculos\/","title":{"rendered":"Opera\u00e7\u00e3o Lei Seca resulta na pris\u00e3o de 4 motoristas e remo\u00e7\u00e3o de 48 ve\u00edculos"},"content":{"rendered":"\n<p>GAZETA DIGITAL <\/p>\n\n\n\n<p>A 38\u00aa edi\u00e7\u00e3o da Opera\u00e7\u00e3o da Lei Seca resultou na pris\u00e3o de 4 motoristas por embriaguez ao volante no fim da tarde de domingo (18) no bairro Vila Arthur em V\u00e1rzea Grande. Al\u00e9m das pris\u00f5es, 92 autos de infra\u00e7\u00e3o foram emitidos e uma pessoa foi detida por entregar o ve\u00edculo a um condutor sem habilita\u00e7\u00e3o.<\/p>\n\n\n\n<p>Do total de autos de infra\u00e7\u00e3o de tr\u00e2nsito, 29 foram por conduzir ve\u00edculo sem registro ou n\u00e3o licenciado, 21 por dirigir sem Carteira Nacional de Habilita\u00e7\u00e3o (CNH), 13 por conduzir sob efeito de \u00e1lcool, 6 por recusa ao teste de alcoolemia e 23 por infra\u00e7\u00f5es diversas.<\/p>\n\n\n\n<p>As abordagens ocorreram no fim da tarde de ontem na Rua da Guarita, no bairro Vila Arthur, em V\u00e1rzea Grande.<\/p>\n\n\n\n<p>Tamb\u00e9m foram removidos, ao todo, 48 ve\u00edculos, sendo 41 carros e sete motocicletas. Durante a opera\u00e7\u00e3o, mais de 200 ve\u00edculos foram fiscalizados e 59 autuados.<\/p>\n\n\n\n<p>A Opera\u00e7\u00e3o Lei Seca \u00e9 realizada pela Secretaria de Estado de Seguran\u00e7a P\u00fablica (Sesp-MT), sob a coordenadoria do Gabinete de Gest\u00e3o Integrada (GGI), com as equipes do Batalh\u00e3o de Tr\u00e2nsito (BPMTran), Pol\u00edcia Militar, Delegacia de Tr\u00e2nsito (Deletran) da Pol\u00edcia Judici\u00e1ria Civil, Departamento Estadual de Tr\u00e2nsito (Detran), Guarda Municipal, Corpo de Bombeiros (CBM-MT), Pol\u00edcia Penal, Sistema Socioeducativo, Pol\u00edcia Rodovi\u00e1ria Federal e Secretaria de Mobilidade Urbana (Semob).<\/p>\n","protected":false},"excerpt":{"rendered":"<p>GAZETA DIGITAL A 38\u00aa edi\u00e7\u00e3o da Opera\u00e7\u00e3o da Lei Seca resultou na pris\u00e3o de 4 motoristas por embriaguez ao volante no fim da tarde de domingo (18) no bairro Vila Arthur em V\u00e1rzea Grande. Al\u00e9m das pris\u00f5es, 92 autos de infra\u00e7\u00e3o foram emitidos e uma pessoa foi detida por entregar o ve\u00edculo a um condutor [&hellip;]<\/p>\n","protected":false},"author":2,"featured_media":2329,"comment_status":"closed","ping_status":"closed","sticky":false,"template":"","format":"standard","meta":{"_monsterinsights_skip_tracking":false,"_monsterinsights_sitenote_active":false,"_monsterinsights_sitenote_note":"","_monsterinsights_sitenote_category":0,"footnotes":""},"categories":[1],"tags":[],"_links":{"self":[{"href":"https:\/\/nazarenonews.com.br\/index.php\/wp-json\/wp\/v2\/posts\/2328"}],"collection":[{"href":"https:\/\/nazarenonews.com.br\/index.php\/wp-json\/wp\/v2\/posts"}],"about":[{"href":"https:\/\/nazarenonews.com.br\/index.php\/wp-json\/wp\/v2\/types\/post"}],"author":[{"embeddable":true,"href":"https:\/\/nazarenonews.com.br\/index.php\/wp-json\/wp\/v2\/users\/2"}],"replies":[{"embeddable":true,"href":"https:\/\/nazarenonews.com.br\/index.php\/wp-json\/wp\/v2\/comments?post=2328"}],"version-history":[{"count":1,"href":"https:\/\/nazarenonews.com.br\/index.php\/wp-json\/wp\/v2\/posts\/2328\/revisions"}],"predecessor-version":[{"id":2330,"href":"https:\/\/nazarenonews.com.br\/index.php\/wp-json\/wp\/v2\/posts\/2328\/revisions\/2330"}],"wp:featuredmedia":[{"embeddable":true,"href":"https:\/\/nazarenonews.com.br\/index.php\/wp-json\/wp\/v2\/media\/2329"}],"wp:attachment":[{"href":"https:\/\/nazarenonews.com.br\/index.php\/wp-json\/wp\/v2\/media?parent=2328"}],"wp:term":[{"taxonomy":"category","embeddable":true,"href":"https:\/\/nazarenonews.com.br\/index.php\/wp-json\/wp\/v2\/categories?post=2328"},{"taxonomy":"post_tag","embeddable":true,"href":"https:\/\/nazarenonews.com.br\/index.php\/wp-json\/wp\/v2\/tags?post=2328"}],"curies":[{"name":"wp","href":"https:\/\/api.w.org\/{rel}","templated":true}]}}