{"id":2309,"date":"2024-08-19T07:17:22","date_gmt":"2024-08-19T11:17:22","guid":{"rendered":"https:\/\/nazarenonews.com.br\/?p=2309"},"modified":"2024-08-19T07:17:23","modified_gmt":"2024-08-19T11:17:23","slug":"previsao-do-tempo-regiao-centro-oeste-tem-poucas-nuvens-e-nevoa-seca-nesta-segunda-feira-19","status":"publish","type":"post","link":"https:\/\/nazarenonews.com.br\/index.php\/2024\/08\/19\/previsao-do-tempo-regiao-centro-oeste-tem-poucas-nuvens-e-nevoa-seca-nesta-segunda-feira-19\/","title":{"rendered":"PREVIS\u00c3O DO TEMPO: Regi\u00e3o Centro-Oeste tem poucas nuvens e n\u00e9voa seca nesta segunda-feira (19)"},"content":{"rendered":"\n<p>Nesta segunda-feira (19), a previs\u00e3o \u00e9 de c\u00e9u com poucas nuvens e n\u00e9voa seca em quase toda a Regi\u00e3o Centro-Oeste. Em munic\u00edpios como Rondol\u00e2ndia, Apiac\u00e1s, Aripuan\u00e3, Nova Bandeirantes, Colniza e Novo Mundo, em Mato Grosso, o c\u00e9u aparece apenas com poucas nuvens. O Instituto Nacional de Meteorologia (Inmet) alerta para perigo potencial de onda de calor, com leve risco \u00e0 sa\u00fade, em regi\u00f5es do Leste e Sudoeste de Mato Grosso do Sul.&nbsp;<\/p>\n\n\n\n<p>Segundo o Inmet, tamb\u00e9m h\u00e1 perigo potencial em rela\u00e7\u00e3o \u00e0 baixa umidade em munic\u00edpios como Abadia de Goi\u00e2nia, Abadi\u00e2nia e Acre\u00fana, em Goi\u00e1s. Nessas localidades, o risco de inc\u00eandios florestais \u00e9 baixo.<\/p>\n\n\n\n<p>A recomenda\u00e7\u00e3o \u00e9 que as pessoas bebam bastante l\u00edquido, evitem desgaste f\u00edsico nas horas mais secas e exposi\u00e7\u00e3o ao sol nas horas mais quentes do dia.<\/p>\n\n\n\n<p>A temperatura m\u00ednima fica em torno de 14\u00b0C, em Bras\u00edlia, e a m\u00e1xima prevista \u00e9 de 41\u00baC, em Novo Progresso, no Mato Grosso. A umidade relativa do ar fica entre 14% e 75% na regi\u00e3o.&nbsp;<\/p>\n\n\n\n<p>As informa\u00e7\u00f5es s\u00e3o do Instituto Nacional de Meteorologia.<\/p>\n\n\n\n<p>Fonte: <a href=\"https:\/\/brasil61.com\/n\/previsao-do-tempo-regiao-centro-oeste-tem-poucas-nuvens-e-nevoa-seca-nesta-segunda-feira-19-ptco243759\" target=\"_blank\" rel=\"noreferrer noopener\">Brasil 61<\/a><\/p>\n","protected":false},"excerpt":{"rendered":"<p>Nesta segunda-feira (19), a previs\u00e3o \u00e9 de c\u00e9u com poucas nuvens e n\u00e9voa seca em quase toda a Regi\u00e3o Centro-Oeste. Em munic\u00edpios como Rondol\u00e2ndia, Apiac\u00e1s, Aripuan\u00e3, Nova Bandeirantes, Colniza e Novo Mundo, em Mato Grosso, o c\u00e9u aparece apenas com poucas nuvens. O Instituto Nacional de Meteorologia (Inmet) alerta para perigo potencial de onda de [&hellip;]<\/p>\n","protected":false},"author":2,"featured_media":2184,"comment_status":"closed","ping_status":"closed","sticky":false,"template":"","format":"standard","meta":{"_monsterinsights_skip_tracking":false,"_monsterinsights_sitenote_active":false,"_monsterinsights_sitenote_note":"","_monsterinsights_sitenote_category":0,"footnotes":""},"categories":[52],"tags":[],"_links":{"self":[{"href":"https:\/\/nazarenonews.com.br\/index.php\/wp-json\/wp\/v2\/posts\/2309"}],"collection":[{"href":"https:\/\/nazarenonews.com.br\/index.php\/wp-json\/wp\/v2\/posts"}],"about":[{"href":"https:\/\/nazarenonews.com.br\/index.php\/wp-json\/wp\/v2\/types\/post"}],"author":[{"embeddable":true,"href":"https:\/\/nazarenonews.com.br\/index.php\/wp-json\/wp\/v2\/users\/2"}],"replies":[{"embeddable":true,"href":"https:\/\/nazarenonews.com.br\/index.php\/wp-json\/wp\/v2\/comments?post=2309"}],"version-history":[{"count":1,"href":"https:\/\/nazarenonews.com.br\/index.php\/wp-json\/wp\/v2\/posts\/2309\/revisions"}],"predecessor-version":[{"id":2310,"href":"https:\/\/nazarenonews.com.br\/index.php\/wp-json\/wp\/v2\/posts\/2309\/revisions\/2310"}],"wp:featuredmedia":[{"embeddable":true,"href":"https:\/\/nazarenonews.com.br\/index.php\/wp-json\/wp\/v2\/media\/2184"}],"wp:attachment":[{"href":"https:\/\/nazarenonews.com.br\/index.php\/wp-json\/wp\/v2\/media?parent=2309"}],"wp:term":[{"taxonomy":"category","embeddable":true,"href":"https:\/\/nazarenonews.com.br\/index.php\/wp-json\/wp\/v2\/categories?post=2309"},{"taxonomy":"post_tag","embeddable":true,"href":"https:\/\/nazarenonews.com.br\/index.php\/wp-json\/wp\/v2\/tags?post=2309"}],"curies":[{"name":"wp","href":"https:\/\/api.w.org\/{rel}","templated":true}]}}