{"id":2306,"date":"2024-08-18T11:16:45","date_gmt":"2024-08-18T15:16:45","guid":{"rendered":"https:\/\/nazarenonews.com.br\/?p=2306"},"modified":"2024-08-18T11:16:46","modified_gmt":"2024-08-18T15:16:46","slug":"candidatos-iniciam-provas-do-cnu-em-mais-de-3-mil-locais-do-pais","status":"publish","type":"post","link":"https:\/\/nazarenonews.com.br\/index.php\/2024\/08\/18\/candidatos-iniciam-provas-do-cnu-em-mais-de-3-mil-locais-do-pais\/","title":{"rendered":"Candidatos iniciam provas do CNU em mais de 3 mil locais do pa\u00eds"},"content":{"rendered":"\n<p>METR\u00d3POLES<\/p>\n\n\n\n<p>Milh\u00f5es de concurseiros fazem, neste domingo (18\/8), as provas para o\u00a0<a href=\"https:\/\/www.metropoles.com\/tag\/concurso-unificado\" target=\"_blank\" rel=\"noreferrer noopener\">Concurso P\u00fablico Nacional Unificado (CNU)<\/a>. Mais conhecido como Enem dos Concursos, o exame ocorre em dois turnos, matutino e vespertino, e em mais de 3 mil locais de 228 cidades brasileiras. Os port\u00f5es fecharam \u00e0s 8h30, e a aplica\u00e7\u00e3o vai das 9h \u00e0s 11h30.<\/p>\n\n\n\n<p>Ao todo, 6.640 vagas est\u00e3o em disputa para \u00f3rg\u00e3os da administra\u00e7\u00e3o p\u00fablica federal. Na capital do pa\u00eds, a movimenta\u00e7\u00e3o de concurseiros nas ruas ficou intensa nas primeiras horas do dia. No Centro Universit\u00e1rio de Bras\u00edlia (Ceub), na\u00a0<a href=\"https:\/\/www.metropoles.com\/tag\/asa-norte\" target=\"_blank\" rel=\"noreferrer noopener\">Asa Norte<\/a>, por exemplo, diversos candidatos se adiantaram e aguardavam pela entrada antes mesmo do hor\u00e1rio de abertura dos port\u00f5es, \u00e0s 7h30.<\/p>\n\n\n\n<p>Entre eles, estava Nicolly Cardoso Ara\u00fajo, 17 anos, que chegou \u00e0s 7h. \u201cVim cedo, porque fico ansiosa. Eu quis ficar tranquila, tomar um cafezinho. Como me formei ano passado, fui incentivada por minha m\u00e3e a prestar concurso. Hoje, vejo ser o que eu quero. Minha expectativa \u00e9 a aprova\u00e7\u00e3o, claro, e estou focada na \u00e1rea administrativa\u201d, comentou a jovem.<\/p>\n\n\n\n<p><\/p>\n","protected":false},"excerpt":{"rendered":"<p>METR\u00d3POLES Milh\u00f5es de concurseiros fazem, neste domingo (18\/8), as provas para o\u00a0Concurso P\u00fablico Nacional Unificado (CNU). Mais conhecido como Enem dos Concursos, o exame ocorre em dois turnos, matutino e vespertino, e em mais de 3 mil locais de 228 cidades brasileiras. Os port\u00f5es fecharam \u00e0s 8h30, e a aplica\u00e7\u00e3o vai das 9h \u00e0s 11h30. [&hellip;]<\/p>\n","protected":false},"author":2,"featured_media":2307,"comment_status":"closed","ping_status":"closed","sticky":false,"template":"","format":"standard","meta":{"_monsterinsights_skip_tracking":false,"_monsterinsights_sitenote_active":false,"_monsterinsights_sitenote_note":"","_monsterinsights_sitenote_category":0,"footnotes":""},"categories":[37,1],"tags":[],"_links":{"self":[{"href":"https:\/\/nazarenonews.com.br\/index.php\/wp-json\/wp\/v2\/posts\/2306"}],"collection":[{"href":"https:\/\/nazarenonews.com.br\/index.php\/wp-json\/wp\/v2\/posts"}],"about":[{"href":"https:\/\/nazarenonews.com.br\/index.php\/wp-json\/wp\/v2\/types\/post"}],"author":[{"embeddable":true,"href":"https:\/\/nazarenonews.com.br\/index.php\/wp-json\/wp\/v2\/users\/2"}],"replies":[{"embeddable":true,"href":"https:\/\/nazarenonews.com.br\/index.php\/wp-json\/wp\/v2\/comments?post=2306"}],"version-history":[{"count":1,"href":"https:\/\/nazarenonews.com.br\/index.php\/wp-json\/wp\/v2\/posts\/2306\/revisions"}],"predecessor-version":[{"id":2308,"href":"https:\/\/nazarenonews.com.br\/index.php\/wp-json\/wp\/v2\/posts\/2306\/revisions\/2308"}],"wp:featuredmedia":[{"embeddable":true,"href":"https:\/\/nazarenonews.com.br\/index.php\/wp-json\/wp\/v2\/media\/2307"}],"wp:attachment":[{"href":"https:\/\/nazarenonews.com.br\/index.php\/wp-json\/wp\/v2\/media?parent=2306"}],"wp:term":[{"taxonomy":"category","embeddable":true,"href":"https:\/\/nazarenonews.com.br\/index.php\/wp-json\/wp\/v2\/categories?post=2306"},{"taxonomy":"post_tag","embeddable":true,"href":"https:\/\/nazarenonews.com.br\/index.php\/wp-json\/wp\/v2\/tags?post=2306"}],"curies":[{"name":"wp","href":"https:\/\/api.w.org\/{rel}","templated":true}]}}