{"id":2301,"date":"2024-08-18T11:09:20","date_gmt":"2024-08-18T15:09:20","guid":{"rendered":"https:\/\/nazarenonews.com.br\/?p=2301"},"modified":"2024-08-18T11:09:20","modified_gmt":"2024-08-18T15:09:20","slug":"silvio-santos-e-enterrado-e-fas-prestam-ultima-homenagem-em-sao-paulo","status":"publish","type":"post","link":"https:\/\/nazarenonews.com.br\/index.php\/2024\/08\/18\/silvio-santos-e-enterrado-e-fas-prestam-ultima-homenagem-em-sao-paulo\/","title":{"rendered":"Silvio Santos \u00e9 enterrado e f\u00e3s prestam \u00faltima homenagem em S\u00e3o Paulo"},"content":{"rendered":"\n<p>METR\u00d3POLES<\/p>\n\n\n\n<p>Cerca de 100 f\u00e3s do apresentador e empres\u00e1rio Silvio Santos se reuniram em frente ao\u00a0<a href=\"https:\/\/www.metropoles.com\/brasil\/silvio-santos-sera-sepultado-com-ritual-judaico-neste-domingo-18-8\" target=\"_blank\" rel=\"noreferrer noopener\">Cemit\u00e9rio Israelita do Butant\u00e3<\/a>, na zona sul de S\u00e3o Paulo, na manh\u00e3 deste domingo (18\/8), para prestar as \u00faltimas homenagens ao comunicador.<\/p>\n\n\n\n<p>Embora o p\u00fablico tenha tentado dar o \u00faltimo adeus, a cerim\u00f4nia foi reservada a familiares e amigos pr\u00f3ximos do apresentador. Por volta das 9h, carros dos presentes j\u00e1 deixavam o local.<\/p>\n\n\n\n<p>Sob um forte esquema de seguran\u00e7a, apenas o apresentador Carlos Alberto de N\u00f3brega \u2013 que, h\u00e1 d\u00e9cadas, \u00e9 parceiro de trabalho na emissora de Silvio, o SBT \u2013 abaixou o vidro do carro e acenou para os f\u00e3s.<\/p>\n\n\n\n<p><\/p>\n","protected":false},"excerpt":{"rendered":"<p>METR\u00d3POLES Cerca de 100 f\u00e3s do apresentador e empres\u00e1rio Silvio Santos se reuniram em frente ao\u00a0Cemit\u00e9rio Israelita do Butant\u00e3, na zona sul de S\u00e3o Paulo, na manh\u00e3 deste domingo (18\/8), para prestar as \u00faltimas homenagens ao comunicador. Embora o p\u00fablico tenha tentado dar o \u00faltimo adeus, a cerim\u00f4nia foi reservada a familiares e amigos pr\u00f3ximos [&hellip;]<\/p>\n","protected":false},"author":2,"featured_media":2302,"comment_status":"closed","ping_status":"closed","sticky":false,"template":"","format":"standard","meta":{"_monsterinsights_skip_tracking":false,"_monsterinsights_sitenote_active":false,"_monsterinsights_sitenote_note":"","_monsterinsights_sitenote_category":0,"footnotes":""},"categories":[37,1],"tags":[],"_links":{"self":[{"href":"https:\/\/nazarenonews.com.br\/index.php\/wp-json\/wp\/v2\/posts\/2301"}],"collection":[{"href":"https:\/\/nazarenonews.com.br\/index.php\/wp-json\/wp\/v2\/posts"}],"about":[{"href":"https:\/\/nazarenonews.com.br\/index.php\/wp-json\/wp\/v2\/types\/post"}],"author":[{"embeddable":true,"href":"https:\/\/nazarenonews.com.br\/index.php\/wp-json\/wp\/v2\/users\/2"}],"replies":[{"embeddable":true,"href":"https:\/\/nazarenonews.com.br\/index.php\/wp-json\/wp\/v2\/comments?post=2301"}],"version-history":[{"count":1,"href":"https:\/\/nazarenonews.com.br\/index.php\/wp-json\/wp\/v2\/posts\/2301\/revisions"}],"predecessor-version":[{"id":2303,"href":"https:\/\/nazarenonews.com.br\/index.php\/wp-json\/wp\/v2\/posts\/2301\/revisions\/2303"}],"wp:featuredmedia":[{"embeddable":true,"href":"https:\/\/nazarenonews.com.br\/index.php\/wp-json\/wp\/v2\/media\/2302"}],"wp:attachment":[{"href":"https:\/\/nazarenonews.com.br\/index.php\/wp-json\/wp\/v2\/media?parent=2301"}],"wp:term":[{"taxonomy":"category","embeddable":true,"href":"https:\/\/nazarenonews.com.br\/index.php\/wp-json\/wp\/v2\/categories?post=2301"},{"taxonomy":"post_tag","embeddable":true,"href":"https:\/\/nazarenonews.com.br\/index.php\/wp-json\/wp\/v2\/tags?post=2301"}],"curies":[{"name":"wp","href":"https:\/\/api.w.org\/{rel}","templated":true}]}}