{"id":2298,"date":"2024-08-18T11:05:16","date_gmt":"2024-08-18T15:05:16","guid":{"rendered":"https:\/\/nazarenonews.com.br\/?p=2298"},"modified":"2024-08-18T11:05:17","modified_gmt":"2024-08-18T15:05:17","slug":"policial-morre-atropelado-durante-trabalho-em-rodovia-de-mt-no-dia-do-aniversario","status":"publish","type":"post","link":"https:\/\/nazarenonews.com.br\/index.php\/2024\/08\/18\/policial-morre-atropelado-durante-trabalho-em-rodovia-de-mt-no-dia-do-aniversario\/","title":{"rendered":"Policial morre atropelado durante trabalho em rodovia de MT no dia do anivers\u00e1rio"},"content":{"rendered":"\n<p>G1-MT<\/p>\n\n\n\n<p>Um policial militar&nbsp;morreu atropelado por um caminh\u00e3o enquanto trabalhava em uma abordagem&nbsp;na MT-449, em Lucas do Rio Verde, no norte do estado, neste s\u00e1bado (17), dia em que&nbsp;<strong>completou 46 anos<\/strong>. A v\u00edtima foi identificada como&nbsp;Robson Bernardino da Silva.<\/p>\n\n\n\n<p>Uma c\u00e2mera de seguran\u00e7a registrou o momento em que o PM est\u00e1 abordando um carro \u00e0s margens da rodovia, que est\u00e1\u00a0<strong>sinalizada\u00a0<\/strong>com cones. Em seguida, um caminh\u00e3o prancha o atinge<\/p>\n\n\n\n<p>Outros policiais que trabalhavam junto com Robson no momento do acidente tentam socorrer o colega. O motorista do caminh\u00e3o parou alguns metros a frente e tamb\u00e9m prestou socorro.<\/p>\n\n\n\n<p>Robson iniciou a carreira militar em 1998 e, atualmente, atuava no departamento de Ajud\u00e2ncia Geral, no Quartel do Comando Geral, em Cuiab\u00e1.<\/p>\n\n\n\n<p>Em nota, o comandante-geral da PMMT, coronel Alexandre Corr\u00eaa Mendes, lamentou a morte do policial e prestou solidariedade aos familiares e colegas de farda do subtenente.<\/p>\n\n\n\n<p>&#8220;Toda a tropa est\u00e1 enlutada e estamos inteiramente unidos neste momento de dor, prestando todas as assist\u00eancias aos familiares e refor\u00e7ando o nosso trabalho. O subtenente era um profissinal exemplar na nossa institui\u00e7\u00e3o, um exemplo a ser seguido por todos&#8221;, lamentou coronel Mendes.<\/p>\n\n\n\n<p><\/p>\n","protected":false},"excerpt":{"rendered":"<p>G1-MT Um policial militar&nbsp;morreu atropelado por um caminh\u00e3o enquanto trabalhava em uma abordagem&nbsp;na MT-449, em Lucas do Rio Verde, no norte do estado, neste s\u00e1bado (17), dia em que&nbsp;completou 46 anos. A v\u00edtima foi identificada como&nbsp;Robson Bernardino da Silva. Uma c\u00e2mera de seguran\u00e7a registrou o momento em que o PM est\u00e1 abordando um carro \u00e0s [&hellip;]<\/p>\n","protected":false},"author":2,"featured_media":2299,"comment_status":"closed","ping_status":"closed","sticky":false,"template":"","format":"standard","meta":{"_monsterinsights_skip_tracking":false,"_monsterinsights_sitenote_active":false,"_monsterinsights_sitenote_note":"","_monsterinsights_sitenote_category":0,"footnotes":""},"categories":[1],"tags":[],"_links":{"self":[{"href":"https:\/\/nazarenonews.com.br\/index.php\/wp-json\/wp\/v2\/posts\/2298"}],"collection":[{"href":"https:\/\/nazarenonews.com.br\/index.php\/wp-json\/wp\/v2\/posts"}],"about":[{"href":"https:\/\/nazarenonews.com.br\/index.php\/wp-json\/wp\/v2\/types\/post"}],"author":[{"embeddable":true,"href":"https:\/\/nazarenonews.com.br\/index.php\/wp-json\/wp\/v2\/users\/2"}],"replies":[{"embeddable":true,"href":"https:\/\/nazarenonews.com.br\/index.php\/wp-json\/wp\/v2\/comments?post=2298"}],"version-history":[{"count":1,"href":"https:\/\/nazarenonews.com.br\/index.php\/wp-json\/wp\/v2\/posts\/2298\/revisions"}],"predecessor-version":[{"id":2300,"href":"https:\/\/nazarenonews.com.br\/index.php\/wp-json\/wp\/v2\/posts\/2298\/revisions\/2300"}],"wp:featuredmedia":[{"embeddable":true,"href":"https:\/\/nazarenonews.com.br\/index.php\/wp-json\/wp\/v2\/media\/2299"}],"wp:attachment":[{"href":"https:\/\/nazarenonews.com.br\/index.php\/wp-json\/wp\/v2\/media?parent=2298"}],"wp:term":[{"taxonomy":"category","embeddable":true,"href":"https:\/\/nazarenonews.com.br\/index.php\/wp-json\/wp\/v2\/categories?post=2298"},{"taxonomy":"post_tag","embeddable":true,"href":"https:\/\/nazarenonews.com.br\/index.php\/wp-json\/wp\/v2\/tags?post=2298"}],"curies":[{"name":"wp","href":"https:\/\/api.w.org\/{rel}","templated":true}]}}