{"id":2292,"date":"2024-08-17T09:19:45","date_gmt":"2024-08-17T13:19:45","guid":{"rendered":"https:\/\/nazarenonews.com.br\/?p=2292"},"modified":"2024-08-17T09:19:45","modified_gmt":"2024-08-17T13:19:45","slug":"silvio-santos-apresentador-e-dono-do-sbt-morre-aos-93-anos","status":"publish","type":"post","link":"https:\/\/nazarenonews.com.br\/index.php\/2024\/08\/17\/silvio-santos-apresentador-e-dono-do-sbt-morre-aos-93-anos\/","title":{"rendered":"Silvio Santos, apresentador e dono do SBT, morre aos 93 anos"},"content":{"rendered":"\n<p>DA EXAME<\/p>\n\n\n\n<p>Morreu nesta s\u00e1bado, 17, o apresentador e dono da emissora SBT, Silvio Santos, aos 93 anos. A informa\u00e7\u00e3o foi confirmada pelo SBT. Silvio havia sido internado desde o come\u00e7o de julho para tratamento de um gripe H1N1.<\/p>\n\n\n\n<p>Com seu jeito carism\u00e1tico e comunicador, Silvio fez fortuna como empres\u00e1rio e se tornou um dos maiores apresentadores da televis\u00e3o brasileira. Veja abaixo um pouco sobre a trajet\u00f3ria dele:<\/p>\n\n\n\n<p><strong>De camel\u00f4, a empres\u00e1rio<\/strong><br>Filho de imigrantes judeus, Silvio nasceu em 12 de dezembro de 1930, no bairro da Lapa, Rio de Janeiro. Criado com cinco irm\u00e3os, Silvio tinha Leon, seu irm\u00e3o mais novo, com quem se dava melhor. Aos 14 anos, Silvio andava pelas ruas do Rio de Janeiro e viu um homem que vendia capinhas para prote\u00e7\u00e3o do t\u00edtulo de eleitor. O garoto, teve a ideia parecida e come\u00e7ou a tamb\u00e9m vender capinhas nas ruas, porem como a repress\u00e3o ao com\u00e9rcio ambulante era muito maior na \u00e9poca, ele e seu irm\u00e3o Leon, vendia apenas por 45 minutos, que era o tempo de almo\u00e7o dos guardas.<\/p>\n\n\n\n<p><strong>In\u00edcio na R\u00e1dio<\/strong><br>Com seu jeito carism\u00e1tico e uma voz que chamava aten\u00e7\u00e3o nas ruas, Silvio foi convidado para fazer teste na R\u00e1dio Guanabara, onde venceu um concurso em primeiro lugar. Apesar da vit\u00f3ria e trabalhar um tempo como locutor, ele voltou a trabalhar como camel\u00f4, pois segundo ele, era mais lucrativo. Aos 18 anos, Silvio serviu o ex\u00e9rcito na Escola de Paraquedistas e por conta disso, ele n\u00e3o conseguiu administrar o trabalho de camel\u00f4 e retornou a trabalhar como radialista.<\/p>\n\n\n\n<p>Quando completou 20 anos, Silvio se mudou para S\u00e3o Paulo, onde come\u00e7ou a apresentar espet\u00e1culos e sorteios em caravanas de artistas. Conseguindo uma nova vaga como locutor de r\u00e1dio da R\u00e1dio Nacional de S\u00e3o Paulo, Silvio criou uma revista chamada \u201cBrincadeiras para Voc\u00ea\u201d, onde tinhas palavras cruzadas, passatempos e charadas, que era vendida por ele nos com\u00e9rcios da cidade.<\/p>\n\n\n\n<p><strong>Ba\u00fa da Felicidade e Grupo Silvio Santos<\/strong><br>Silvio tinha um talento inigual\u00e1vel para neg\u00f3cios. Ele e seu ent\u00e3o amigo radialista, Manuel da N\u00f3brega, viram a oportunidade de criar o Ba\u00fa da Felicidade, que tratava-se de um sistema de carn\u00eas que o cliente pagava as presta\u00e7\u00f5es de uma caixa de brinquedos ao longo do ano.<\/p>\n\n\n\n<p>Com o tempo, a caixa de brinquedos foi trocada por eletrodom\u00e9sticos, al\u00e9m de casas e autom\u00f3veis. Esse sucesso lhe rendeu a cria\u00e7\u00e3o do Grupo Silvio Santos, em 1962, onde para suprir as demandas do Ba\u00fa da Felicidade, ele criou mais algumas empresas das mais variadas \u00e1reas. Ao todo foram dez empreendimentos, que inclui Ba\u00fa Construtora, a concession\u00e1ria Vimave e a Marca Filmes.<\/p>\n\n\n\n<p><strong>Cria\u00e7\u00e3o do SBT<\/strong><br>Com o sucesso como empres\u00e1rio na d\u00e9cada de 70, S\u00edlvio j\u00e1 atuava na televis\u00e3o desde 1961, no programa Ba\u00fa da Felicidade, que depois viria se tornar o Programa Silvio Santos. Foi ent\u00e3o que surgiu em Silvio uma vontade de ter seu pr\u00f3prio canal de televis\u00e3o.<\/p>\n\n\n\n<p>Em 1975, ele adquiriu o Canal 11, no Rio de Janeiro, que na \u00e9poca era chamada Canal TVS. O investimento foi de 10 milh\u00f5es e a emissora come\u00e7ou a atuar com mais de 13 mil funcion\u00e1rios. Em 1981, Silvio ganhou a concess\u00e3o de mais quatro canais, formando ent\u00e3o o Sistema Brasileiro de Televis\u00e3o, ou SBT.<\/p>\n\n\n\n<p>Nas d\u00e9cadas de 80 e 90, S\u00edlvio se empenhou em dar proje\u00e7\u00e3o ao canal. Hoje o SBT \u00e9 segunda emissora com mais audi\u00eancia no Brasil, perdendo apenas para a Rede Globo.<\/p>\n\n\n\n<p><strong>Candidato a prefeito e presidente<\/strong><br>Em 1988, Silvio Santos se filiou ao PFL (atual DEM) com inten\u00e7\u00e3o em disputar a Prefeitura de S\u00e3o Paulo nas elei\u00e7\u00f5es seguintes. Questionado sobre o motivo da escolha do partido, o apresentador era sincero. &#8220;Por que o PFL? Ora, foi o primeiro partido que mandou carta, e eu assinaria qualquer ficha, at\u00e9 do Partido Comunista&#8221;, respondia, \u00e0 \u00e9poca. Em seu programa, chegou a questionar J\u00e2nio Quadros, ent\u00e3o ocupante do cargo, por telefone sobre a possibilidade de lan\u00e7ar-se candidato, no que foi apoiado. &#8220;Pouca gente deve conhecer essa cidade como o senhor. O senhor n\u00e3o \u00e9 um pol\u00edtico partid\u00e1rio, um pol\u00edtico profissional. Isso vai representar um grande apelo ao povo, que est\u00e1 cansado dos pol\u00edticos profissionais&#8221;, respondeu J\u00e2nio, na ocasi\u00e3o. A candidatura, por\u00e9m, n\u00e3o foi para frente. Ele tamb\u00e9m chegou a ser cogitado em 1992, novamente, sem se lan\u00e7ar oficialmente no fim das contas.<\/p>\n\n\n\n<p>Silvio Santos tamb\u00e9m chegou a se candidatar \u00e0 Presid\u00eancia da Rep\u00fablica em 1989, pelo extinto PMB (Partido Municipalista Brasileiro) mas teve sua candidatura barrada pelo Tribunal Superior Eleitoral (TSE) ap\u00f3s v\u00e1rios pedidos de impugna\u00e7\u00e3o por parte de partidos advers\u00e1rios.<\/p>\n\n\n\n<p><strong>S\u00e9rie &#8220;Rei da TV&#8221;<\/strong><br>Em 2022, a s\u00e9rie que conta a hist\u00f3ria de Silvio Santos est\u00e1 no Star+ com todos os epis\u00f3dios dispon\u00edveis. \u201cO Rei da TV\u201d acompanha a trajet\u00f3ria desde a origem humilde e ambiciosa que se tornou um dos comunicadores mais bem sucedidos da TV brasileira, al\u00e9m de um dos empres\u00e1rios mais reconhecidos do pa\u00eds.<\/p>\n","protected":false},"excerpt":{"rendered":"<p>DA EXAME Morreu nesta s\u00e1bado, 17, o apresentador e dono da emissora SBT, Silvio Santos, aos 93 anos. A informa\u00e7\u00e3o foi confirmada pelo SBT. Silvio havia sido internado desde o come\u00e7o de julho para tratamento de um gripe H1N1. Com seu jeito carism\u00e1tico e comunicador, Silvio fez fortuna como empres\u00e1rio e se tornou um dos [&hellip;]<\/p>\n","protected":false},"author":2,"featured_media":2293,"comment_status":"closed","ping_status":"closed","sticky":false,"template":"","format":"standard","meta":{"_monsterinsights_skip_tracking":false,"_monsterinsights_sitenote_active":false,"_monsterinsights_sitenote_note":"","_monsterinsights_sitenote_category":0,"footnotes":""},"categories":[37,50],"tags":[],"_links":{"self":[{"href":"https:\/\/nazarenonews.com.br\/index.php\/wp-json\/wp\/v2\/posts\/2292"}],"collection":[{"href":"https:\/\/nazarenonews.com.br\/index.php\/wp-json\/wp\/v2\/posts"}],"about":[{"href":"https:\/\/nazarenonews.com.br\/index.php\/wp-json\/wp\/v2\/types\/post"}],"author":[{"embeddable":true,"href":"https:\/\/nazarenonews.com.br\/index.php\/wp-json\/wp\/v2\/users\/2"}],"replies":[{"embeddable":true,"href":"https:\/\/nazarenonews.com.br\/index.php\/wp-json\/wp\/v2\/comments?post=2292"}],"version-history":[{"count":1,"href":"https:\/\/nazarenonews.com.br\/index.php\/wp-json\/wp\/v2\/posts\/2292\/revisions"}],"predecessor-version":[{"id":2294,"href":"https:\/\/nazarenonews.com.br\/index.php\/wp-json\/wp\/v2\/posts\/2292\/revisions\/2294"}],"wp:featuredmedia":[{"embeddable":true,"href":"https:\/\/nazarenonews.com.br\/index.php\/wp-json\/wp\/v2\/media\/2293"}],"wp:attachment":[{"href":"https:\/\/nazarenonews.com.br\/index.php\/wp-json\/wp\/v2\/media?parent=2292"}],"wp:term":[{"taxonomy":"category","embeddable":true,"href":"https:\/\/nazarenonews.com.br\/index.php\/wp-json\/wp\/v2\/categories?post=2292"},{"taxonomy":"post_tag","embeddable":true,"href":"https:\/\/nazarenonews.com.br\/index.php\/wp-json\/wp\/v2\/tags?post=2292"}],"curies":[{"name":"wp","href":"https:\/\/api.w.org\/{rel}","templated":true}]}}