{"id":2289,"date":"2024-08-17T09:16:32","date_gmt":"2024-08-17T13:16:32","guid":{"rendered":"https:\/\/nazarenonews.com.br\/?p=2289"},"modified":"2024-08-17T09:16:33","modified_gmt":"2024-08-17T13:16:33","slug":"final-de-semana-deve-ser-de-calor-extremo-baixa-umidade-e-sem-chuva-em-cuiaba","status":"publish","type":"post","link":"https:\/\/nazarenonews.com.br\/index.php\/2024\/08\/17\/final-de-semana-deve-ser-de-calor-extremo-baixa-umidade-e-sem-chuva-em-cuiaba\/","title":{"rendered":"Final de semana deve ser de calor extremo, baixa umidade e sem chuva em Cuiab\u00e1"},"content":{"rendered":"\n<p>DO REP\u00d3RTERMT<\/p>\n\n\n\n<p>A onda de calor que tomou conta do pa\u00eds, deixar\u00e1 Cuiab\u00e1 mais quente do que o normal. A previs\u00e3o para esse s\u00e1bado (17) \u00e9 a m\u00e1xima de 41 graus, na Capital. At\u00e9 a cidade vizinha, Chapada dos Guimar\u00e3es, que \u00e9 conhecida por ser mais \u201cfresquinha\u201d, deve enfrentar 39 graus.<\/p>\n\n\n\n<p>Cuiab\u00e1 deve ter a m\u00ednima de 25 graus neste s\u00e1bado. No domingo (18), a m\u00e1xima \u00e9 de 41 graus e a m\u00ednima \u00e9 de 24 graus.<\/p>\n\n\n\n<p>A semana come\u00e7ar\u00e1 quente. A segunda-feira (19), a m\u00e1xima ainda \u00e9 de 41 graus e a m\u00ednima de 23 graus.<\/p>\n\n\n\n<p>J\u00e1 a ter\u00e7a-feira (20), a m\u00e1xima vai a 42 graus e a m\u00ednima continua a mesma do dia anterior.<\/p>\n\n\n\n<p><strong>Chapada dos Guimar\u00e3es<\/strong><\/p>\n\n\n\n<p>Em Chapada, a m\u00ednima para s\u00e1bado \u00e9 de 21 graus. No domingo (18), a m\u00e1xima \u00e9 de 39 graus e a m\u00ednima continua 21 graus.<\/p>\n\n\n\n<p>Na segunda-feira (19), a m\u00e1xima continua 39 graus e a m\u00ednima cai para 20 graus.<\/p>\n\n\n\n<p>J\u00e1 a ter\u00e7a-feira (20), a m\u00e1xima vai a 40 graus e a m\u00ednima continua 20 graus.<\/p>\n\n\n\n<p>Nas duas cidades n\u00e3o h\u00e1 previs\u00e3o de chuva forte e a baixa umidade acompanhar\u00e1 a popula\u00e7\u00e3o nos pr\u00f3ximos dias.<\/p>\n\n\n\n<p><strong>Cuidados com a sa\u00fade<\/strong><\/p>\n\n\n\n<p>A Defesa Civil de Mato Grosso alerta a popula\u00e7\u00e3o para os cuidados com a sa\u00fade diante da baixa umidade relativa do ar no Estado. Para esse per\u00edodo, a recomenda\u00e7\u00e3o \u00e9 evitar exposi\u00e7\u00e3o ao sol nas horas mais quentes do dia, bem como a pr\u00e1tica de exerc\u00edcio f\u00edsico intenso.<\/p>\n\n\n\n<p>Al\u00e9m disso, \u00e9 fundamental a hidrata\u00e7\u00e3o. \u00c9 recomendado que a popula\u00e7\u00e3o beba bastante \u00e1gua, ainda que n\u00e3o esteja com sede, consuma alimentos leves, umidifique o ambiente e mantenha a pele hidratada.<\/p>\n","protected":false},"excerpt":{"rendered":"<p>DO REP\u00d3RTERMT A onda de calor que tomou conta do pa\u00eds, deixar\u00e1 Cuiab\u00e1 mais quente do que o normal. A previs\u00e3o para esse s\u00e1bado (17) \u00e9 a m\u00e1xima de 41 graus, na Capital. At\u00e9 a cidade vizinha, Chapada dos Guimar\u00e3es, que \u00e9 conhecida por ser mais \u201cfresquinha\u201d, deve enfrentar 39 graus. Cuiab\u00e1 deve ter a [&hellip;]<\/p>\n","protected":false},"author":2,"featured_media":2290,"comment_status":"closed","ping_status":"closed","sticky":false,"template":"","format":"standard","meta":{"_monsterinsights_skip_tracking":false,"_monsterinsights_sitenote_active":false,"_monsterinsights_sitenote_note":"","_monsterinsights_sitenote_category":0,"footnotes":""},"categories":[1],"tags":[],"_links":{"self":[{"href":"https:\/\/nazarenonews.com.br\/index.php\/wp-json\/wp\/v2\/posts\/2289"}],"collection":[{"href":"https:\/\/nazarenonews.com.br\/index.php\/wp-json\/wp\/v2\/posts"}],"about":[{"href":"https:\/\/nazarenonews.com.br\/index.php\/wp-json\/wp\/v2\/types\/post"}],"author":[{"embeddable":true,"href":"https:\/\/nazarenonews.com.br\/index.php\/wp-json\/wp\/v2\/users\/2"}],"replies":[{"embeddable":true,"href":"https:\/\/nazarenonews.com.br\/index.php\/wp-json\/wp\/v2\/comments?post=2289"}],"version-history":[{"count":1,"href":"https:\/\/nazarenonews.com.br\/index.php\/wp-json\/wp\/v2\/posts\/2289\/revisions"}],"predecessor-version":[{"id":2291,"href":"https:\/\/nazarenonews.com.br\/index.php\/wp-json\/wp\/v2\/posts\/2289\/revisions\/2291"}],"wp:featuredmedia":[{"embeddable":true,"href":"https:\/\/nazarenonews.com.br\/index.php\/wp-json\/wp\/v2\/media\/2290"}],"wp:attachment":[{"href":"https:\/\/nazarenonews.com.br\/index.php\/wp-json\/wp\/v2\/media?parent=2289"}],"wp:term":[{"taxonomy":"category","embeddable":true,"href":"https:\/\/nazarenonews.com.br\/index.php\/wp-json\/wp\/v2\/categories?post=2289"},{"taxonomy":"post_tag","embeddable":true,"href":"https:\/\/nazarenonews.com.br\/index.php\/wp-json\/wp\/v2\/tags?post=2289"}],"curies":[{"name":"wp","href":"https:\/\/api.w.org\/{rel}","templated":true}]}}