{"id":2277,"date":"2024-08-16T17:33:39","date_gmt":"2024-08-16T21:33:39","guid":{"rendered":"https:\/\/nazarenonews.com.br\/?p=2277"},"modified":"2024-08-16T17:33:40","modified_gmt":"2024-08-16T21:33:40","slug":"pericia-encontra-caixa-preta-de-aviao-que-caiu-em-mt-e-matou-5-pessoas-equipamento-deve-ajudar-a-descobrir-causa-do-acidente","status":"publish","type":"post","link":"https:\/\/nazarenonews.com.br\/index.php\/2024\/08\/16\/pericia-encontra-caixa-preta-de-aviao-que-caiu-em-mt-e-matou-5-pessoas-equipamento-deve-ajudar-a-descobrir-causa-do-acidente\/","title":{"rendered":"Per\u00edcia encontra caixa-preta de avi\u00e3o que caiu em MT e matou 5 pessoas; equipamento deve ajudar a descobrir causa do acidente"},"content":{"rendered":"\n<p>G1-MT<\/p>\n\n\n\n<p>A per\u00edcia encontrou, nesta sexta-feira (16), a&nbsp;caixa-preta do<a class=\"\" href=\"https:\/\/g1.globo.com\/mt\/mato-grosso\/noticia\/2024\/08\/15\/aviao-cai-na-zona-rural-de-municipio-em-mt.ghtml\">&nbsp;avi\u00e3o bimotor King Air, que caiu em Apiac\u00e1s<\/a>,&nbsp;a 1.005 km de&nbsp;<a class=\"\" href=\"https:\/\/g1.globo.com\/mt\/mato-grosso\/cidade\/cuiaba\/\">Cuiab\u00e1<\/a>, e deixou cinco pessoas mortas, nessa quinta-feira (15). O equipamento ser\u00e1 entregue ao Servi\u00e7o Regional de Investiga\u00e7\u00e3o e Preven\u00e7\u00e3o a Acidentes Aeron\u00e1uticos (Seripa), da For\u00e7a A\u00e9rea Brasileira, que chegou a cidade onde ocorreu o acidente para coletar os destro\u00e7os para an\u00e1lise, nesta sexta.<\/p>\n\n\n\n<p>A caixa-preta, que \u00e9 na cor laranja, estava em meio aos destro\u00e7os da aeronave e s\u00f3 foi poss\u00edvel localiz\u00e1-la ap\u00f3s o resfriamento do local do acidente<em>&nbsp;(veja foto acima)<\/em>.<\/p>\n\n\n\n<p>De acordo com a pol\u00edcia, somente a investiga\u00e7\u00e3o do Seripa \u00e9 que poder\u00e1 definir as condi\u00e7\u00f5es da caixa-preta da aeronave. Se estiver intacto, o<strong>\u00a0equipamento pode conter informa\u00e7\u00f5es importantes e grava\u00e7\u00f5es essenciais<\/strong>\u00a0para ajudar a identificar as causas do acidente.<\/p>\n\n\n\n<p>Segundo a pol\u00edcia, os peritos iniciaram os trabalhos de retirada dos corpos no in\u00edcio da noite de quinta e\u00a0<a class=\"\" href=\"https:\/\/g1.globo.com\/mt\/mato-grosso\/noticia\/2024\/08\/16\/corpos-de-vitimas-de-queda-de-aviao-em-mt-demoraram-mais-de-10-horas-para-serem-retirados-dos-destrocos-diz-policia.ghtml\">finalizou por volta das 5h desta sexta-feira<\/a>. Devido ao estado carbonizado dos corpos, a\u00a0<strong>per\u00edcia conseguiu recuperar apenas fragmentos de ossos e restos biol\u00f3gicos humanos<\/strong>, que agora<strong>\u00a0<\/strong>ser\u00e3o encaminhados para Cuiab\u00e1 para identifica\u00e7\u00e3o por odontologia legal ou DNA.<\/p>\n\n\n\n<p>No avi\u00e3o, estavam o<a class=\"\" href=\"https:\/\/g1.globo.com\/mt\/mato-grosso\/noticia\/2024\/08\/15\/saiba-quem-era-o-empresario-que-morreu-em-queda-de-aviao-com-netos-e-funcionario-em-mt.ghtml\">\u00a0empres\u00e1rio Arni Alberto Spiering<\/a>, 70 anos, os netos dele,\u00a0<a class=\"\" href=\"https:\/\/g1.globo.com\/mt\/mato-grosso\/noticia\/2024\/08\/15\/saiba-quem-sao-as-5-vitimas-do-acidente-aereo-em-apiacas-zona-rural-de-mato-grosso.ghtml\">Jo\u00e3o Marcos Trojan Spiering e Arni Alberto Spiering Benez<\/a>, o gerente comercial Ademar de Oliveira de J\u00fanior e o piloto Helder de Souza, de 44 anos.\u00a0<strong>Todos morreram.<\/strong><\/p>\n\n\n\n<p>O voo durou cerca de 50 minutos, segundo a Pol\u00edcia Militar. A pousada de onde a aeronave saiu fica na divisa entre Mato Grosso e Par\u00e1. A PM confirmou que a queda do avi\u00e3o ocorreu em uma fazenda, localizada na zona rural de\u00a0<a class=\"\" href=\"https:\/\/g1.globo.com\/mt\/mato-grosso\/cidade\/apiacas\/\">Apiac\u00e1s<\/a>\u00a0e pr\u00f3ximo ao Rio Teles Pires, em uma regi\u00e3o conhecida como \u2018Pared\u00e3o\u2019.<\/p>\n\n\n\n<p>O grupo estava na hospedado na pousada h\u00e1 dois dias. Segundo a empresa, Arni, os netos e o amigo foram ao local para praticar pesca esportiva. Nessa quinta, o grupo voltaria para casa, quando ocorreu o acidente.<\/p>\n","protected":false},"excerpt":{"rendered":"<p>G1-MT A per\u00edcia encontrou, nesta sexta-feira (16), a&nbsp;caixa-preta do&nbsp;avi\u00e3o bimotor King Air, que caiu em Apiac\u00e1s,&nbsp;a 1.005 km de&nbsp;Cuiab\u00e1, e deixou cinco pessoas mortas, nessa quinta-feira (15). O equipamento ser\u00e1 entregue ao Servi\u00e7o Regional de Investiga\u00e7\u00e3o e Preven\u00e7\u00e3o a Acidentes Aeron\u00e1uticos (Seripa), da For\u00e7a A\u00e9rea Brasileira, que chegou a cidade onde ocorreu o acidente para [&hellip;]<\/p>\n","protected":false},"author":2,"featured_media":2278,"comment_status":"closed","ping_status":"closed","sticky":false,"template":"","format":"standard","meta":{"_monsterinsights_skip_tracking":false,"_monsterinsights_sitenote_active":false,"_monsterinsights_sitenote_note":"","_monsterinsights_sitenote_category":0,"footnotes":""},"categories":[1],"tags":[],"_links":{"self":[{"href":"https:\/\/nazarenonews.com.br\/index.php\/wp-json\/wp\/v2\/posts\/2277"}],"collection":[{"href":"https:\/\/nazarenonews.com.br\/index.php\/wp-json\/wp\/v2\/posts"}],"about":[{"href":"https:\/\/nazarenonews.com.br\/index.php\/wp-json\/wp\/v2\/types\/post"}],"author":[{"embeddable":true,"href":"https:\/\/nazarenonews.com.br\/index.php\/wp-json\/wp\/v2\/users\/2"}],"replies":[{"embeddable":true,"href":"https:\/\/nazarenonews.com.br\/index.php\/wp-json\/wp\/v2\/comments?post=2277"}],"version-history":[{"count":1,"href":"https:\/\/nazarenonews.com.br\/index.php\/wp-json\/wp\/v2\/posts\/2277\/revisions"}],"predecessor-version":[{"id":2279,"href":"https:\/\/nazarenonews.com.br\/index.php\/wp-json\/wp\/v2\/posts\/2277\/revisions\/2279"}],"wp:featuredmedia":[{"embeddable":true,"href":"https:\/\/nazarenonews.com.br\/index.php\/wp-json\/wp\/v2\/media\/2278"}],"wp:attachment":[{"href":"https:\/\/nazarenonews.com.br\/index.php\/wp-json\/wp\/v2\/media?parent=2277"}],"wp:term":[{"taxonomy":"category","embeddable":true,"href":"https:\/\/nazarenonews.com.br\/index.php\/wp-json\/wp\/v2\/categories?post=2277"},{"taxonomy":"post_tag","embeddable":true,"href":"https:\/\/nazarenonews.com.br\/index.php\/wp-json\/wp\/v2\/tags?post=2277"}],"curies":[{"name":"wp","href":"https:\/\/api.w.org\/{rel}","templated":true}]}}