{"id":2265,"date":"2024-08-16T07:24:53","date_gmt":"2024-08-16T11:24:53","guid":{"rendered":"https:\/\/nazarenonews.com.br\/?p=2265"},"modified":"2024-08-16T07:24:54","modified_gmt":"2024-08-16T11:24:54","slug":"queda-de-aviao-em-apiacas-e-a-segunda-em-mt-com-mesmo-modelo","status":"publish","type":"post","link":"https:\/\/nazarenonews.com.br\/index.php\/2024\/08\/16\/queda-de-aviao-em-apiacas-e-a-segunda-em-mt-com-mesmo-modelo\/","title":{"rendered":"Queda de avi\u00e3o em Apiac\u00e1s \u00e9 a segunda em MT com mesmo modelo"},"content":{"rendered":"\n<p>DO REP\u00d3RTERMT<\/p>\n\n\n\n<p>O acidente registrado nesta quinta-feira (15) em Apiac\u00e1s (1.005 km de Cuiab\u00e1) \u00e9 o segundo em menos de um ano com o mesmo modelo: o King Air C190, fabricado pela empresa americana Hawker Beechcraft.<\/p>\n\n\n\n<p>Em 4 de outubro de 2023, um avi\u00e3o desse modelo caiu no aer\u00f3dromo da empresa Bom Futuro, em Cuiab\u00e1. Duas pessoas morreram: o piloto Kawahata Barreto e o funcion\u00e1rio Juan Jos\u00e9 Jamarillo, que prestava servi\u00e7os ao aeroporto.<\/p>\n\n\n\n<p>Na \u00e9poca, o dono da Bom Futuro, o empres\u00e1rio Era\u00ed Maggi, disse que o acidente tinha sido responsabilidade do piloto, a quem ele acusou de neglig\u00eancia.<\/p>\n\n\n\n<p><em><strong>\u201cInfelizmente houve neglig\u00eancia. Tirou o avi\u00e3o do ch\u00e3o muito cedo. Tinha que ter deixado correr mais. Que isso sirva de exemplo para n\u00f3s e todos os pilotos, n\u00e3o pode brincar com isso, n\u00e3o. Pelas filmagens, andou s\u00f3 300 metros quando precisava ter andado, no m\u00ednimo, 600 metros para tirar o avi\u00e3o do ch\u00e3o&#8221;<\/strong><\/em>, disse o empres\u00e1rio.<\/p>\n\n\n\n<p>Nesta quinta, um avi\u00e3o caiu em uma fazenda, na regi\u00e3o do Teles Pires, com cinco pessoas a bordo. N\u00e3o h\u00e1 ainda nenhuma informa\u00e7\u00e3o sobre o que pode ter causado a queda da aeronave, que explodiu ao atingir o solo.<\/p>\n\n\n\n<p>Entre as v\u00edtimas identificadas at\u00e9 o momento est\u00e3o o empres\u00e1rio Arni Alberto Spiering, o gerente comercial Ademar de Oliveira de J\u00fanior e o piloto Helder de Souza. As outras duas v\u00edtima seriam netos de Arni Spiering.<\/p>\n","protected":false},"excerpt":{"rendered":"<p>DO REP\u00d3RTERMT O acidente registrado nesta quinta-feira (15) em Apiac\u00e1s (1.005 km de Cuiab\u00e1) \u00e9 o segundo em menos de um ano com o mesmo modelo: o King Air C190, fabricado pela empresa americana Hawker Beechcraft. Em 4 de outubro de 2023, um avi\u00e3o desse modelo caiu no aer\u00f3dromo da empresa Bom Futuro, em Cuiab\u00e1. [&hellip;]<\/p>\n","protected":false},"author":2,"featured_media":2266,"comment_status":"closed","ping_status":"closed","sticky":false,"template":"","format":"standard","meta":{"_monsterinsights_skip_tracking":false,"_monsterinsights_sitenote_active":false,"_monsterinsights_sitenote_note":"","_monsterinsights_sitenote_category":0,"footnotes":""},"categories":[1],"tags":[],"_links":{"self":[{"href":"https:\/\/nazarenonews.com.br\/index.php\/wp-json\/wp\/v2\/posts\/2265"}],"collection":[{"href":"https:\/\/nazarenonews.com.br\/index.php\/wp-json\/wp\/v2\/posts"}],"about":[{"href":"https:\/\/nazarenonews.com.br\/index.php\/wp-json\/wp\/v2\/types\/post"}],"author":[{"embeddable":true,"href":"https:\/\/nazarenonews.com.br\/index.php\/wp-json\/wp\/v2\/users\/2"}],"replies":[{"embeddable":true,"href":"https:\/\/nazarenonews.com.br\/index.php\/wp-json\/wp\/v2\/comments?post=2265"}],"version-history":[{"count":1,"href":"https:\/\/nazarenonews.com.br\/index.php\/wp-json\/wp\/v2\/posts\/2265\/revisions"}],"predecessor-version":[{"id":2267,"href":"https:\/\/nazarenonews.com.br\/index.php\/wp-json\/wp\/v2\/posts\/2265\/revisions\/2267"}],"wp:featuredmedia":[{"embeddable":true,"href":"https:\/\/nazarenonews.com.br\/index.php\/wp-json\/wp\/v2\/media\/2266"}],"wp:attachment":[{"href":"https:\/\/nazarenonews.com.br\/index.php\/wp-json\/wp\/v2\/media?parent=2265"}],"wp:term":[{"taxonomy":"category","embeddable":true,"href":"https:\/\/nazarenonews.com.br\/index.php\/wp-json\/wp\/v2\/categories?post=2265"},{"taxonomy":"post_tag","embeddable":true,"href":"https:\/\/nazarenonews.com.br\/index.php\/wp-json\/wp\/v2\/tags?post=2265"}],"curies":[{"name":"wp","href":"https:\/\/api.w.org\/{rel}","templated":true}]}}