{"id":22133,"date":"2026-05-01T11:36:18","date_gmt":"2026-05-01T15:36:18","guid":{"rendered":"https:\/\/nazarenonews.com.br\/?p=22133"},"modified":"2026-05-01T13:29:53","modified_gmt":"2026-05-01T17:29:53","slug":"lula-tem-48-horas-para-promulgar-o-pl-da-dosimetria","status":"publish","type":"post","link":"https:\/\/nazarenonews.com.br\/index.php\/2026\/05\/01\/lula-tem-48-horas-para-promulgar-o-pl-da-dosimetria\/","title":{"rendered":"Lula tem 48 horas para promulgar o PL da Dosimetria"},"content":{"rendered":"\n<p>O presidente\u00a0<a href=\"https:\/\/www.metropoles.com\/tag\/lula\">Luiz In\u00e1cio Lula da Silva<\/a>\u00a0(PT) tem\u00a0<strong>48 horas para promulgar o Projeto de Lei (PL) da Dosimetria<\/strong>, conforme prev\u00ea a Constitui\u00e7\u00e3o Federal. Caso Lula n\u00e3o o fa\u00e7a dentro do prazo, a promulga\u00e7\u00e3o pode ser feita pelo presidente do Senado Federal, senador Davi Alcolumbre (Uni\u00e3o Brasil).<\/p>\n\n\n\n<p>O PL da Dosimetria prev\u00ea a redu\u00e7\u00e3o de penas para os condenados pelos atos de 8 de Janeiro\u00a0e foi aprovado pelo Congresso Nacional no fim de dezembro, ao apagar das luzes do Legislativo antes do recesso. Ap\u00f3s aprova\u00e7\u00e3o, o texto foi encaminhado ao presidente Lula, que\u00a0<a href=\"https:\/\/www.metropoles.com\/brasil\/lula-veta-pl-da-dosimetria-que-beneficia-bolsonaro-em-evento-do-8-1\">vetou a medida integralmente<\/a>.<\/p>\n\n\n\n<p>Ap\u00f3s o veto presidencial, o texto retornou para aprecia\u00e7\u00e3o do Congresso, que chegou a um veredito nessa quinta-feira (30\/4), decidindo pela\u00a0<a href=\"https:\/\/www.metropoles.com\/brasil\/congresso-pl-dosimetria-bolsonaro\">derrubada do veto de Lula<\/a>.<\/p>\n\n\n\n<p>Com a decis\u00e3o, agora, o projeto de lei deve ser&nbsp;<strong>promulgado<\/strong>. A&nbsp;<strong>vig\u00eancia \u00e9 imediata<\/strong>&nbsp;a partir da data de publica\u00e7\u00e3o.<\/p>\n\n\n\n<p>Conforme prev\u00ea a\u00a0<a href=\"https:\/\/www.planalto.gov.br\/ccivil_03\/constituicao\/constituicao.htm#art66\">Constitui\u00e7\u00e3o Federal<\/a>,\u00a0<strong>Lula deve fazer a promulga\u00e7\u00e3o do PL dentro de 48 horas<\/strong>. Caso n\u00e3o o fa\u00e7a, a tarefa \u00e9 repassada ao presidente do Senado, que hoje \u00e9 presidido pelo senador Davi Alcolumbre, que tem o mesmo per\u00edodo para a promulga\u00e7\u00e3o.<\/p>\n\n\n\n<p>Caso o prazo tamb\u00e9m n\u00e3o seja cumprido, caber\u00e1 ao vice-presidente do Senado faz\u00ea-lo.<\/p>\n\n\n\n<p>A vice-presid\u00eancia do Senado \u00e9 composta por dois senadores. Neste momento, Carlos Eduardo Gomes (PL) \u00e9 o primeiro vice-presidente, e\u00a0<a href=\"https:\/\/www.metropoles.com\/tag\/humberto-costa\">Humberto Costa<\/a>\u00a0(PT) ocupa a segunda vice-presid\u00eancia. Na aus\u00eancia do primeiro, \u00e9 o segundo quem assume.<\/p>\n\n\n\n<h2 class=\"wp-block-heading\">PL da Dosimetria<\/h2>\n\n\n\n<p>Na tarde dessa quinta, o Congresso Nacional derrubou o veto de Lula \u00e0 medida, com 318 votos favor\u00e1veis no Congresso e 49 no Senado.<\/p>\n\n\n\n<p>A vota\u00e7\u00e3o foi vista como mais uma derrota para Lula no Congresso, que, um dia antes, na quarta-feira (29\/4), viu a indica\u00e7\u00e3o do advogado-geral da Uni\u00e3o, Jorge Messias, para ministro do\u00a0<a href=\"https:\/\/www.metropoles.com\/tag\/stf\">Supremo Tribunal Federal<\/a>\u00a0(STF) ser rejeitada pelo Senado \u2014 feito que n\u00e3o ocorria desde 1894.<\/p>\n\n\n\n<p>O&nbsp;<a href=\"https:\/\/www.metropoles.com\/brasil\/entenda-o-que-muda-com-a-derrubada-do-veto-ao-pl-da-dosimetria\">Projeto de Lei da Dosimetria<\/a>&nbsp;reduz as penas dos condenados pelos atos antidemocr\u00e1ticos ap\u00f3s as elei\u00e7\u00f5es de 2022.&nbsp;<strong>O texto pode beneficiar ao menos 179 presos<\/strong>&nbsp;pelos atos antidemocr\u00e1ticos: 114 em regime fechado, 50 em pris\u00e3o domiciliar e 15 em pris\u00e3o preventiva.<\/p>\n\n\n\n<p>Entre os beneficiados pela medida, est\u00e1 o ex-presidente\u00a0<a href=\"https:\/\/www.metropoles.com\/tag\/jair-bolsonaro\">Jair Bolsonaro<\/a>\u00a0(PL), que cumpre 27 anos e 3 meses de pris\u00e3o.\u00a0Com o texto, o ex-mandat\u00e1rio poder\u00e1 ter a pena reduzida para mais da metade.<\/p>\n\n\n\n<p>Em meio \u00e0 derrubada do veto no Senado Federal, o governo deve acionar o STF para tentar reverter a decis\u00e3o do Congresso. Ap\u00f3s as duas derrotas recentes, a avalia\u00e7\u00e3o de\u00a0<a href=\"https:\/\/www.metropoles.com\/brasil\/planalto-avalia-levar-derrubada-de-veto-ao-pl-da-dosimetria-ao-stf\">parlamentares governistas ouvidos pelo\u00a0<strong>Metr\u00f3poles<\/strong><\/a>\u00a0\u00e9 que passa a ser mais aceit\u00e1vel um embate indireto com o Congresso.<\/p>\n\n\n\n<p>Metr\u00f3poles<\/p>\n\n\n\n<p><\/p>\n","protected":false},"excerpt":{"rendered":"<p>O presidente\u00a0Luiz In\u00e1cio Lula da Silva\u00a0(PT) tem\u00a048 horas para promulgar o Projeto de Lei (PL) da Dosimetria, conforme prev\u00ea a Constitui\u00e7\u00e3o Federal. Caso Lula n\u00e3o o fa\u00e7a dentro do prazo, a promulga\u00e7\u00e3o pode ser feita pelo presidente do Senado Federal, senador Davi Alcolumbre (Uni\u00e3o Brasil). O PL da Dosimetria prev\u00ea a redu\u00e7\u00e3o de penas para [&hellip;]<\/p>\n","protected":false},"author":2,"featured_media":22136,"comment_status":"closed","ping_status":"closed","sticky":false,"template":"","format":"standard","meta":{"_monsterinsights_skip_tracking":false,"_monsterinsights_sitenote_active":false,"_monsterinsights_sitenote_note":"","_monsterinsights_sitenote_category":0,"footnotes":""},"categories":[1],"tags":[],"_links":{"self":[{"href":"https:\/\/nazarenonews.com.br\/index.php\/wp-json\/wp\/v2\/posts\/22133"}],"collection":[{"href":"https:\/\/nazarenonews.com.br\/index.php\/wp-json\/wp\/v2\/posts"}],"about":[{"href":"https:\/\/nazarenonews.com.br\/index.php\/wp-json\/wp\/v2\/types\/post"}],"author":[{"embeddable":true,"href":"https:\/\/nazarenonews.com.br\/index.php\/wp-json\/wp\/v2\/users\/2"}],"replies":[{"embeddable":true,"href":"https:\/\/nazarenonews.com.br\/index.php\/wp-json\/wp\/v2\/comments?post=22133"}],"version-history":[{"count":1,"href":"https:\/\/nazarenonews.com.br\/index.php\/wp-json\/wp\/v2\/posts\/22133\/revisions"}],"predecessor-version":[{"id":22135,"href":"https:\/\/nazarenonews.com.br\/index.php\/wp-json\/wp\/v2\/posts\/22133\/revisions\/22135"}],"wp:featuredmedia":[{"embeddable":true,"href":"https:\/\/nazarenonews.com.br\/index.php\/wp-json\/wp\/v2\/media\/22136"}],"wp:attachment":[{"href":"https:\/\/nazarenonews.com.br\/index.php\/wp-json\/wp\/v2\/media?parent=22133"}],"wp:term":[{"taxonomy":"category","embeddable":true,"href":"https:\/\/nazarenonews.com.br\/index.php\/wp-json\/wp\/v2\/categories?post=22133"},{"taxonomy":"post_tag","embeddable":true,"href":"https:\/\/nazarenonews.com.br\/index.php\/wp-json\/wp\/v2\/tags?post=22133"}],"curies":[{"name":"wp","href":"https:\/\/api.w.org\/{rel}","templated":true}]}}