{"id":22130,"date":"2026-05-01T11:29:32","date_gmt":"2026-05-01T15:29:32","guid":{"rendered":"https:\/\/nazarenonews.com.br\/?p=22130"},"modified":"2026-05-01T13:34:35","modified_gmt":"2026-05-01T17:34:35","slug":"abilio-lanca-frota-do-onibus-social-para-levar-familiares-a-velorios-e-alunos-a-atividades-gratuitamente","status":"publish","type":"post","link":"https:\/\/nazarenonews.com.br\/index.php\/2026\/05\/01\/abilio-lanca-frota-do-onibus-social-para-levar-familiares-a-velorios-e-alunos-a-atividades-gratuitamente\/","title":{"rendered":"Abilio lan\u00e7a frota do \u00d4nibus Social para levar familiares a vel\u00f3rios e alunos a atividades gratuitamente"},"content":{"rendered":"\n<p>O prefeito de Cuiab\u00e1, Abilio Brunini (PL), anunciou hoje (30) a cria\u00e7\u00e3o do chamado \u201c\u00d4nibus Social\u201d, com objetivo de dar apoio a fam\u00edlias em situa\u00e7\u00e3o de vulnerabilidade. O principal objetivo \u00e9 garantir o transporte de familiares e amigos para vel\u00f3rios e sepultamentos de mun\u00edcipes de baixa renda. O lan\u00e7amento ocorreu no Pal\u00e1cio Alencastro.<\/p>\n\n\n\n<p>\u201c<em><strong>N\u00f3s criamos em parceria com a empresa, o \u00d4nibus Social, que poder\u00e1 ser demandado para a sociedade para um vel\u00f3rio, sepultamento que precisa do apoio da prefeitura. P<\/strong><\/em><em><strong>ara pessoas mais carentes e em situa\u00e7\u00e3o de vulnerabilidade<\/strong><\/em>\u201d, explicou ele, ao afirmar que o servi\u00e7o,, que contar\u00e1 com at\u00e9 cinco ve\u00edculos circulando pela capital estar\u00e1 dispon\u00edvel na pr\u00f3xima semana.<\/p>\n\n\n\n<p>Segundo Abilio, a iniciativa prev\u00ea um ve\u00edculo destinado principalmente a atender fam\u00edlias com dificuldade de locomo\u00e7\u00e3o, complementando o suporte j\u00e1 oferecido pelo munic\u00edpio, como a doa\u00e7\u00e3o de caix\u00e3o e o aux\u00edlio no sepultamento.<\/p>\n\n\n\n<p>Al\u00e9m disso, o prefeito destacou que o \u00f4nibus tamb\u00e9m poder\u00e1 ser utilizado em atividades educacionais, como o transporte de estudantes para eventos culturais e aulas de campo. Ele ressaltou, no entanto, que haver\u00e1 limite de atendimentos e que a prioridade ser\u00e1 para quem mais precisa.<\/p>\n\n\n\n<p>\u201c<em><strong>Tamb\u00e9m auxiliar\u00e1 na forma\u00e7\u00e3o escolar. \u00c0s vezes alguma escola precisa ir ao Aqu\u00e1rio Municipal ou alguma a\u00e7\u00e3o e n\u00f3s teremos o \u00d4nibus Social para dar esse suporte. Ter\u00e1 um limite de demanda que ele poder\u00e1 atender, ent\u00e3o vamos priorizar pessoas em situa\u00e7\u00e3o de vulnerabilidade<\/strong><\/em>\u201d, finalizou.<\/p>\n\n\n\n<p>Rep\u00f3rter MT<\/p>\n","protected":false},"excerpt":{"rendered":"<p>O prefeito de Cuiab\u00e1, Abilio Brunini (PL), anunciou hoje (30) a cria\u00e7\u00e3o do chamado \u201c\u00d4nibus Social\u201d, com objetivo de dar apoio a fam\u00edlias em situa\u00e7\u00e3o de vulnerabilidade. O principal objetivo \u00e9 garantir o transporte de familiares e amigos para vel\u00f3rios e sepultamentos de mun\u00edcipes de baixa renda. O lan\u00e7amento ocorreu no Pal\u00e1cio Alencastro. \u201cN\u00f3s criamos [&hellip;]<\/p>\n","protected":false},"author":2,"featured_media":22137,"comment_status":"closed","ping_status":"closed","sticky":false,"template":"","format":"standard","meta":{"_monsterinsights_skip_tracking":false,"_monsterinsights_sitenote_active":false,"_monsterinsights_sitenote_note":"","_monsterinsights_sitenote_category":0,"footnotes":""},"categories":[36,1,48],"tags":[],"_links":{"self":[{"href":"https:\/\/nazarenonews.com.br\/index.php\/wp-json\/wp\/v2\/posts\/22130"}],"collection":[{"href":"https:\/\/nazarenonews.com.br\/index.php\/wp-json\/wp\/v2\/posts"}],"about":[{"href":"https:\/\/nazarenonews.com.br\/index.php\/wp-json\/wp\/v2\/types\/post"}],"author":[{"embeddable":true,"href":"https:\/\/nazarenonews.com.br\/index.php\/wp-json\/wp\/v2\/users\/2"}],"replies":[{"embeddable":true,"href":"https:\/\/nazarenonews.com.br\/index.php\/wp-json\/wp\/v2\/comments?post=22130"}],"version-history":[{"count":1,"href":"https:\/\/nazarenonews.com.br\/index.php\/wp-json\/wp\/v2\/posts\/22130\/revisions"}],"predecessor-version":[{"id":22132,"href":"https:\/\/nazarenonews.com.br\/index.php\/wp-json\/wp\/v2\/posts\/22130\/revisions\/22132"}],"wp:featuredmedia":[{"embeddable":true,"href":"https:\/\/nazarenonews.com.br\/index.php\/wp-json\/wp\/v2\/media\/22137"}],"wp:attachment":[{"href":"https:\/\/nazarenonews.com.br\/index.php\/wp-json\/wp\/v2\/media?parent=22130"}],"wp:term":[{"taxonomy":"category","embeddable":true,"href":"https:\/\/nazarenonews.com.br\/index.php\/wp-json\/wp\/v2\/categories?post=22130"},{"taxonomy":"post_tag","embeddable":true,"href":"https:\/\/nazarenonews.com.br\/index.php\/wp-json\/wp\/v2\/tags?post=22130"}],"curies":[{"name":"wp","href":"https:\/\/api.w.org\/{rel}","templated":true}]}}