{"id":22127,"date":"2026-05-01T11:27:02","date_gmt":"2026-05-01T15:27:02","guid":{"rendered":"https:\/\/nazarenonews.com.br\/?p=22127"},"modified":"2026-05-01T13:40:10","modified_gmt":"2026-05-01T17:40:10","slug":"com-articulacao-de-assis-camara-regulamenta-jornada-de-trabalho-de-policiais-e-bombeiros","status":"publish","type":"post","link":"https:\/\/nazarenonews.com.br\/index.php\/2026\/05\/01\/com-articulacao-de-assis-camara-regulamenta-jornada-de-trabalho-de-policiais-e-bombeiros\/","title":{"rendered":"Com articula\u00e7\u00e3o de Assis, C\u00e2mara regulamenta jornada de trabalho de policiais e bombeiros"},"content":{"rendered":"\n<p>O deputado federal Coronel Assis (PL) destacou a aprova\u00e7\u00e3o do Projeto de Lei n\u00ba 5967\/2023 como uma vit\u00f3ria hist\u00f3rica para os policiais militares e bombeiros militares de todo o Brasil. A proposta, aprovada em Plen\u00e1rio da C\u00e2mara na quarta-feira (29), estabelece um limite nacional para a carga hor\u00e1ria de 144 horas mensais das corpora\u00e7\u00f5es, corrigindo uma distor\u00e7\u00e3o antiga que submetia milhares de profissionais a jornadas excessivas e desgastantes.<\/p>\n\n\n\n<p>O texto tamb\u00e9m determina que as horas trabalhadas al\u00e9m do limite sejam registradas em banco de horas, com cr\u00e9dito em dobro quando o servi\u00e7o for prestado em feriados. Al\u00e9m disso, a convoca\u00e7\u00e3o compuls\u00f3ria para turnos extraordin\u00e1rios fica restrita a situa\u00e7\u00f5es excepcionais, como Estado de S\u00edtio, Estado de Defesa, Estado de Guerra, Calamidade P\u00fablica e Interven\u00e7\u00e3o Federal.<\/p>\n\n\n\n<p>Segundo Coronel Assis, a aprova\u00e7\u00e3o representa um avan\u00e7o essencial para garantir dignidade e valoriza\u00e7\u00e3o aos profissionais que atuam na linha de frente da seguran\u00e7a p\u00fablica. \u201cN\u00f3s sabemos o quanto o policial e o bombeiro militar s\u00e3o cobrados e expostos diariamente. N\u00e3o \u00e9 justo que, al\u00e9m do risco permanente, sejam submetidos a escalas desumanas, sem qualquer par\u00e2metro nacional. Esse projeto traz equil\u00edbrio e respeito para quem dedica a vida a proteger a sociedade\u201d, afirmou.<\/p>\n\n\n\n<p>A aprova\u00e7\u00e3o do PL 5967\/2023 contou com articula\u00e7\u00e3o direta do vice-l\u00edder da oposi\u00e7\u00e3o, que atuou junto \u00e0 bancada da seguran\u00e7a p\u00fablica e dialogou com a presid\u00eancia da C\u00e2mara para garantir que a proposta fosse pautada e avan\u00e7asse no Congresso. A iniciativa tamb\u00e9m foi defendida como uma medida estrat\u00e9gica para fortalecer a seguran\u00e7a p\u00fablica, j\u00e1 que profissionais exaustos, adoecidos e sobrecarregados perdem capacidade de resposta e colocam em risco a pr\u00f3pria efici\u00eancia do servi\u00e7o prestado.<\/p>\n\n\n\n<p>O parlamentar refor\u00e7ou que a medida atende princ\u00edpios constitucionais como dignidade da pessoa humana e direito \u00e0 sa\u00fade, garantindo melhores condi\u00e7\u00f5es de trabalho e mais qualidade de vida para os integrantes das corpora\u00e7\u00f5es estaduais.<\/p>\n\n\n\n<p>Coronel Assis avaliou ainda que a aprova\u00e7\u00e3o do projeto representa um marco de justi\u00e7a para a tropa e reafirma o compromisso do seu mandato com o fortalecimento da seguran\u00e7a p\u00fablica em todo o pa\u00eds. \u201cSeguran\u00e7a p\u00fablica forte come\u00e7a com tropa valorizada. Esse \u00e9 um passo concreto para corrigir injusti\u00e7as e proteger aqueles que protegem o povo brasileiro\u201d, concluiu.<\/p>\n\n\n\n<p>Rep\u00f3rter MT<\/p>\n","protected":false},"excerpt":{"rendered":"<p>O deputado federal Coronel Assis (PL) destacou a aprova\u00e7\u00e3o do Projeto de Lei n\u00ba 5967\/2023 como uma vit\u00f3ria hist\u00f3rica para os policiais militares e bombeiros militares de todo o Brasil. A proposta, aprovada em Plen\u00e1rio da C\u00e2mara na quarta-feira (29), estabelece um limite nacional para a carga hor\u00e1ria de 144 horas mensais das corpora\u00e7\u00f5es, corrigindo [&hellip;]<\/p>\n","protected":false},"author":2,"featured_media":22138,"comment_status":"closed","ping_status":"closed","sticky":false,"template":"","format":"standard","meta":{"_monsterinsights_skip_tracking":false,"_monsterinsights_sitenote_active":false,"_monsterinsights_sitenote_note":"","_monsterinsights_sitenote_category":0,"footnotes":""},"categories":[37,1,48],"tags":[],"_links":{"self":[{"href":"https:\/\/nazarenonews.com.br\/index.php\/wp-json\/wp\/v2\/posts\/22127"}],"collection":[{"href":"https:\/\/nazarenonews.com.br\/index.php\/wp-json\/wp\/v2\/posts"}],"about":[{"href":"https:\/\/nazarenonews.com.br\/index.php\/wp-json\/wp\/v2\/types\/post"}],"author":[{"embeddable":true,"href":"https:\/\/nazarenonews.com.br\/index.php\/wp-json\/wp\/v2\/users\/2"}],"replies":[{"embeddable":true,"href":"https:\/\/nazarenonews.com.br\/index.php\/wp-json\/wp\/v2\/comments?post=22127"}],"version-history":[{"count":1,"href":"https:\/\/nazarenonews.com.br\/index.php\/wp-json\/wp\/v2\/posts\/22127\/revisions"}],"predecessor-version":[{"id":22129,"href":"https:\/\/nazarenonews.com.br\/index.php\/wp-json\/wp\/v2\/posts\/22127\/revisions\/22129"}],"wp:featuredmedia":[{"embeddable":true,"href":"https:\/\/nazarenonews.com.br\/index.php\/wp-json\/wp\/v2\/media\/22138"}],"wp:attachment":[{"href":"https:\/\/nazarenonews.com.br\/index.php\/wp-json\/wp\/v2\/media?parent=22127"}],"wp:term":[{"taxonomy":"category","embeddable":true,"href":"https:\/\/nazarenonews.com.br\/index.php\/wp-json\/wp\/v2\/categories?post=22127"},{"taxonomy":"post_tag","embeddable":true,"href":"https:\/\/nazarenonews.com.br\/index.php\/wp-json\/wp\/v2\/tags?post=22127"}],"curies":[{"name":"wp","href":"https:\/\/api.w.org\/{rel}","templated":true}]}}