{"id":22124,"date":"2026-05-01T11:25:05","date_gmt":"2026-05-01T15:25:05","guid":{"rendered":"https:\/\/nazarenonews.com.br\/?p=22124"},"modified":"2026-05-01T13:45:02","modified_gmt":"2026-05-01T17:45:02","slug":"integrante-de-faccao-atira-em-policiais-da-rotam-e-morre-confronto-em-colniza","status":"publish","type":"post","link":"https:\/\/nazarenonews.com.br\/index.php\/2026\/05\/01\/integrante-de-faccao-atira-em-policiais-da-rotam-e-morre-confronto-em-colniza\/","title":{"rendered":"Integrante de fac\u00e7\u00e3o atira em policiais da Rotam e morre confronto em Colniza"},"content":{"rendered":"\n<p>Um criminoso identificado pela pol\u00edcia apenas com as iniciais C.O.B., 23 anos, foi morto ao entrar em confronto com policiais militares da Rotam na noite dessa quinta-feira (30), no distrito de Guariba, em Colniza (a 1.059 km de Cuiab\u00e1), em Mato Grosso.<\/p>\n\n\n\n<p>De acordo com a Pol\u00edcia Militar, o bandido era apontado como integrante de uma fac\u00e7\u00e3ocriminosa atuante em Mato Grosso e operava na distribui\u00e7\u00e3o de drogas na regi\u00e3o.<\/p>\n\n\n\n<p>Segundo o boletim de ocorr\u00eancia, equipes da Rotam realizavam rondas dentro da Opera\u00e7\u00e3o Territ\u00f3rio Livre, parte do programa Toler\u00e2ncia Zero, quando receberam den\u00fancias de que o faccionado havia recebido uma grande quantidade de drogas e costumava andar armado, al\u00e9m de ser considerado violento.<\/p>\n\n\n\n<p>Ao chegar \u00e0 casa dele, na Avenida Brasil, os policiais foram recebidos a tiros. Houve rea\u00e7\u00e3o e o bandido foi baleado. Ele chegou a ser socorrido por uma equipe policial at\u00e9 o posto de sa\u00fade local, mas n\u00e3o resistiu aos ferimentos e teve a morte confirmada pelo m\u00e9dico plantonista.<\/p>\n\n\n\n<p>C.O.B. tinha passagens por crimes como roubo, furto, les\u00e3o corporal, amea\u00e7a, posse irregular de arma de fogo e resist\u00eancia.<\/p>\n\n\n\n<p>Durante a a\u00e7\u00e3o, os policiais apreenderam um rev\u00f3lver calibre .38 com numera\u00e7\u00e3o raspada, quatro muni\u00e7\u00f5es intactas e duas j\u00e1 deflagradas.<\/p>\n\n\n\n<p>Rep\u00f3rter MT<\/p>\n","protected":false},"excerpt":{"rendered":"<p>Um criminoso identificado pela pol\u00edcia apenas com as iniciais C.O.B., 23 anos, foi morto ao entrar em confronto com policiais militares da Rotam na noite dessa quinta-feira (30), no distrito de Guariba, em Colniza (a 1.059 km de Cuiab\u00e1), em Mato Grosso. De acordo com a Pol\u00edcia Militar, o bandido era apontado como integrante de [&hellip;]<\/p>\n","protected":false},"author":2,"featured_media":22139,"comment_status":"closed","ping_status":"closed","sticky":false,"template":"","format":"standard","meta":{"_monsterinsights_skip_tracking":false,"_monsterinsights_sitenote_active":false,"_monsterinsights_sitenote_note":"","_monsterinsights_sitenote_category":0,"footnotes":""},"categories":[1],"tags":[],"_links":{"self":[{"href":"https:\/\/nazarenonews.com.br\/index.php\/wp-json\/wp\/v2\/posts\/22124"}],"collection":[{"href":"https:\/\/nazarenonews.com.br\/index.php\/wp-json\/wp\/v2\/posts"}],"about":[{"href":"https:\/\/nazarenonews.com.br\/index.php\/wp-json\/wp\/v2\/types\/post"}],"author":[{"embeddable":true,"href":"https:\/\/nazarenonews.com.br\/index.php\/wp-json\/wp\/v2\/users\/2"}],"replies":[{"embeddable":true,"href":"https:\/\/nazarenonews.com.br\/index.php\/wp-json\/wp\/v2\/comments?post=22124"}],"version-history":[{"count":1,"href":"https:\/\/nazarenonews.com.br\/index.php\/wp-json\/wp\/v2\/posts\/22124\/revisions"}],"predecessor-version":[{"id":22126,"href":"https:\/\/nazarenonews.com.br\/index.php\/wp-json\/wp\/v2\/posts\/22124\/revisions\/22126"}],"wp:featuredmedia":[{"embeddable":true,"href":"https:\/\/nazarenonews.com.br\/index.php\/wp-json\/wp\/v2\/media\/22139"}],"wp:attachment":[{"href":"https:\/\/nazarenonews.com.br\/index.php\/wp-json\/wp\/v2\/media?parent=22124"}],"wp:term":[{"taxonomy":"category","embeddable":true,"href":"https:\/\/nazarenonews.com.br\/index.php\/wp-json\/wp\/v2\/categories?post=22124"},{"taxonomy":"post_tag","embeddable":true,"href":"https:\/\/nazarenonews.com.br\/index.php\/wp-json\/wp\/v2\/tags?post=22124"}],"curies":[{"name":"wp","href":"https:\/\/api.w.org\/{rel}","templated":true}]}}