{"id":22118,"date":"2026-04-30T15:29:33","date_gmt":"2026-04-30T19:29:33","guid":{"rendered":"https:\/\/nazarenonews.com.br\/?p=22118"},"modified":"2026-04-30T15:29:34","modified_gmt":"2026-04-30T19:29:34","slug":"jovem-e-morto-por-amigos-em-mt-apos-tatuagem-yin-yang-ser-associada-a-faccao-criminosa","status":"publish","type":"post","link":"https:\/\/nazarenonews.com.br\/index.php\/2026\/04\/30\/jovem-e-morto-por-amigos-em-mt-apos-tatuagem-yin-yang-ser-associada-a-faccao-criminosa\/","title":{"rendered":"Jovem \u00e9 morto por amigos em MT ap\u00f3s tatuagem &#8216;yin-yang&#8217; ser associada a fac\u00e7\u00e3o criminosa"},"content":{"rendered":"\n<p>O jovem&nbsp;<strong>David Fernandes de Sousa, de 21 anos,<\/strong>&nbsp;foi morto por amigos, em&nbsp;<a class=\"\" href=\"https:\/\/g1.globo.com\/mt\/mato-grosso\/cidade\/sorriso\/\">Sorriso<\/a>, a 420 km de Cuiab\u00e1, ap\u00f3s eles associarem uma&nbsp;tatuagem do s\u00edmbolo asi\u00e1tico \u201cyin-yang\u201d a uma fac\u00e7\u00e3o criminosa rival, segundo o delegado respons\u00e1vel pelo caso, Bruno Fran\u00e7a.<\/p>\n\n\n\n<p>A v\u00edtima estava&nbsp;desaparecida desde o dia 1\u00ba de abril&nbsp;e foi encontrada morta nessa quarta-feira (29), enterrada em uma \u00e1rea de mata do munic\u00edpio.<\/p>\n\n\n\n<p>De acordo com o delegado, David foi atra\u00eddo at\u00e9 o local sob o pretexto de que passaria por um \u201csalve\u201d \u2014 esp\u00e9cie de puni\u00e7\u00e3o imposta por integrantes de fac\u00e7\u00e3o\u2014 mas, ao chegar no ponto combinado, teria sido\u00a0estrangulado com um cadar\u00e7o.<\/p>\n\n\n\n<p>Um dos suspeitos de envolvimento no caso foi preso em&nbsp;<a class=\"\" href=\"https:\/\/g1.globo.com\/mt\/mato-grosso\/cidade\/lucas-do-rio-verde\/\">Lucas do Rio Verde<\/a>, confessou o crime e indicou o local onde o corpo estava enterrado.<\/p>\n\n\n\n<p>Ainda segundo Fran\u00e7a, a\u00a0motiva\u00e7\u00e3o do crime est\u00e1 ligada \u00e0 interpreta\u00e7\u00e3o da tatuagem, embora n\u00e3o se saiba por que o s\u00edmbolo foi associado a um grupo criminoso. Na cultura chinesa, o\u00a0<strong>s\u00edmbolo representa o equil\u00edbrio entre for\u00e7as opostas<\/strong>. A imagem \u00e9 amplamente usada em contextos culturais e religiosas.<\/p>\n\n\n\n<p>g1-MT<\/p>\n","protected":false},"excerpt":{"rendered":"<p>O jovem&nbsp;David Fernandes de Sousa, de 21 anos,&nbsp;foi morto por amigos, em&nbsp;Sorriso, a 420 km de Cuiab\u00e1, ap\u00f3s eles associarem uma&nbsp;tatuagem do s\u00edmbolo asi\u00e1tico \u201cyin-yang\u201d a uma fac\u00e7\u00e3o criminosa rival, segundo o delegado respons\u00e1vel pelo caso, Bruno Fran\u00e7a. A v\u00edtima estava&nbsp;desaparecida desde o dia 1\u00ba de abril&nbsp;e foi encontrada morta nessa quarta-feira (29), enterrada em [&hellip;]<\/p>\n","protected":false},"author":2,"featured_media":22119,"comment_status":"closed","ping_status":"closed","sticky":false,"template":"","format":"standard","meta":{"_monsterinsights_skip_tracking":false,"_monsterinsights_sitenote_active":false,"_monsterinsights_sitenote_note":"","_monsterinsights_sitenote_category":0,"footnotes":""},"categories":[1],"tags":[],"_links":{"self":[{"href":"https:\/\/nazarenonews.com.br\/index.php\/wp-json\/wp\/v2\/posts\/22118"}],"collection":[{"href":"https:\/\/nazarenonews.com.br\/index.php\/wp-json\/wp\/v2\/posts"}],"about":[{"href":"https:\/\/nazarenonews.com.br\/index.php\/wp-json\/wp\/v2\/types\/post"}],"author":[{"embeddable":true,"href":"https:\/\/nazarenonews.com.br\/index.php\/wp-json\/wp\/v2\/users\/2"}],"replies":[{"embeddable":true,"href":"https:\/\/nazarenonews.com.br\/index.php\/wp-json\/wp\/v2\/comments?post=22118"}],"version-history":[{"count":1,"href":"https:\/\/nazarenonews.com.br\/index.php\/wp-json\/wp\/v2\/posts\/22118\/revisions"}],"predecessor-version":[{"id":22120,"href":"https:\/\/nazarenonews.com.br\/index.php\/wp-json\/wp\/v2\/posts\/22118\/revisions\/22120"}],"wp:featuredmedia":[{"embeddable":true,"href":"https:\/\/nazarenonews.com.br\/index.php\/wp-json\/wp\/v2\/media\/22119"}],"wp:attachment":[{"href":"https:\/\/nazarenonews.com.br\/index.php\/wp-json\/wp\/v2\/media?parent=22118"}],"wp:term":[{"taxonomy":"category","embeddable":true,"href":"https:\/\/nazarenonews.com.br\/index.php\/wp-json\/wp\/v2\/categories?post=22118"},{"taxonomy":"post_tag","embeddable":true,"href":"https:\/\/nazarenonews.com.br\/index.php\/wp-json\/wp\/v2\/tags?post=22118"}],"curies":[{"name":"wp","href":"https:\/\/api.w.org\/{rel}","templated":true}]}}