{"id":22115,"date":"2026-04-30T15:26:48","date_gmt":"2026-04-30T19:26:48","guid":{"rendered":"https:\/\/nazarenonews.com.br\/?p=22115"},"modified":"2026-04-30T15:26:49","modified_gmt":"2026-04-30T19:26:49","slug":"mulher-desaparece-em-garimpo-na-terra-indigena-sarare-e-mobiliza-forca-nacional-de-seguranca-em-mt","status":"publish","type":"post","link":"https:\/\/nazarenonews.com.br\/index.php\/2026\/04\/30\/mulher-desaparece-em-garimpo-na-terra-indigena-sarare-e-mobiliza-forca-nacional-de-seguranca-em-mt\/","title":{"rendered":"Mulher desaparece em garimpo na Terra Ind\u00edgena Sarar\u00e9 e mobiliza For\u00e7a Nacional de Seguran\u00e7a em MT"},"content":{"rendered":"\n<p>Uma mulher identificada como&nbsp;<strong>Mislene de Souza, 37 anos<\/strong>, est\u00e1&nbsp;desaparecida desde o \u00faltimo s\u00e1bado (25) na regi\u00e3o da Terra Ind\u00edgena Sarar\u00e9, em&nbsp;<a class=\"\" href=\"https:\/\/g1.globo.com\/mt\/mato-grosso\/cidade\/pontes-e-lacerda\/\">Pontes e Lacerda<\/a>&nbsp;(MT). Segundo a Pol\u00edcia Civil, ela trabalhava em um garimpo no local.<\/p>\n\n\n\n<p>Conforme a pol\u00edcia,&nbsp;Mislene prestava servi\u00e7os&nbsp;no garimpo quando saiu do local com a irm\u00e3, e n\u00e3o foi mais vista. O desaparecimento foi registrado por um sobrinho dois dias depois, no dia 27 de abril.<\/p>\n\n\n\n<p>As buscas s\u00e3o realizadas pelo Corpo de Bombeiros com apoio da For\u00e7a Nacional de Seguran\u00e7a P\u00fablica, que utiliza um drone com sensor t\u00e9rmico para tentar localizar a v\u00edtima a partir de assinaturas de calor.<a href=\"https:\/\/globoplay.globo.com\/categorias\/lollapalooza\/?origemId=1779&amp;utm_source=g1&amp;utm_medium=tapume&amp;utm_campaign=aq-org_g1_conteudo_up_perf_banner_web_tier2_live_lolla-24&amp;utm_content=banner&amp;utm_term=tapume-g1-assista\"><\/a><\/p>\n\n\n\n<p>Volunt\u00e1rios e familiares tamb\u00e9m participam das buscas. As equipes fazem varreduras em \u00e1rea de mata, partindo do \u00faltimo ponto onde a v\u00edtima teria sido vista, quando ainda estava acompanhada da irm\u00e3.<\/p>\n\n\n\n<p>De acordo com os bombeiros, o trajeto percorrido est\u00e1 sendo reconstitu\u00eddo com base nas informa\u00e7\u00f5es repassadas por familiares, para orientar as estrat\u00e9gias de busca.<\/p>\n\n\n\n<p>A Pol\u00edcia Civil informou que o caso segue em investiga\u00e7\u00e3o.<\/p>\n\n\n\n<p>g1-MT<\/p>\n","protected":false},"excerpt":{"rendered":"<p>Uma mulher identificada como&nbsp;Mislene de Souza, 37 anos, est\u00e1&nbsp;desaparecida desde o \u00faltimo s\u00e1bado (25) na regi\u00e3o da Terra Ind\u00edgena Sarar\u00e9, em&nbsp;Pontes e Lacerda&nbsp;(MT). Segundo a Pol\u00edcia Civil, ela trabalhava em um garimpo no local. Conforme a pol\u00edcia,&nbsp;Mislene prestava servi\u00e7os&nbsp;no garimpo quando saiu do local com a irm\u00e3, e n\u00e3o foi mais vista. O desaparecimento foi [&hellip;]<\/p>\n","protected":false},"author":2,"featured_media":22116,"comment_status":"closed","ping_status":"closed","sticky":false,"template":"","format":"standard","meta":{"_monsterinsights_skip_tracking":false,"_monsterinsights_sitenote_active":false,"_monsterinsights_sitenote_note":"","_monsterinsights_sitenote_category":0,"footnotes":""},"categories":[51,1],"tags":[],"_links":{"self":[{"href":"https:\/\/nazarenonews.com.br\/index.php\/wp-json\/wp\/v2\/posts\/22115"}],"collection":[{"href":"https:\/\/nazarenonews.com.br\/index.php\/wp-json\/wp\/v2\/posts"}],"about":[{"href":"https:\/\/nazarenonews.com.br\/index.php\/wp-json\/wp\/v2\/types\/post"}],"author":[{"embeddable":true,"href":"https:\/\/nazarenonews.com.br\/index.php\/wp-json\/wp\/v2\/users\/2"}],"replies":[{"embeddable":true,"href":"https:\/\/nazarenonews.com.br\/index.php\/wp-json\/wp\/v2\/comments?post=22115"}],"version-history":[{"count":1,"href":"https:\/\/nazarenonews.com.br\/index.php\/wp-json\/wp\/v2\/posts\/22115\/revisions"}],"predecessor-version":[{"id":22117,"href":"https:\/\/nazarenonews.com.br\/index.php\/wp-json\/wp\/v2\/posts\/22115\/revisions\/22117"}],"wp:featuredmedia":[{"embeddable":true,"href":"https:\/\/nazarenonews.com.br\/index.php\/wp-json\/wp\/v2\/media\/22116"}],"wp:attachment":[{"href":"https:\/\/nazarenonews.com.br\/index.php\/wp-json\/wp\/v2\/media?parent=22115"}],"wp:term":[{"taxonomy":"category","embeddable":true,"href":"https:\/\/nazarenonews.com.br\/index.php\/wp-json\/wp\/v2\/categories?post=22115"},{"taxonomy":"post_tag","embeddable":true,"href":"https:\/\/nazarenonews.com.br\/index.php\/wp-json\/wp\/v2\/tags?post=22115"}],"curies":[{"name":"wp","href":"https:\/\/api.w.org\/{rel}","templated":true}]}}