{"id":22112,"date":"2026-04-30T15:24:27","date_gmt":"2026-04-30T19:24:27","guid":{"rendered":"https:\/\/nazarenonews.com.br\/?p=22112"},"modified":"2026-04-30T15:24:28","modified_gmt":"2026-04-30T19:24:28","slug":"nesta-sexta-feira-a-avenida-do-cpa-sera-completamente-fechada-ao-trafego-de-veiculos","status":"publish","type":"post","link":"https:\/\/nazarenonews.com.br\/index.php\/2026\/04\/30\/nesta-sexta-feira-a-avenida-do-cpa-sera-completamente-fechada-ao-trafego-de-veiculos\/","title":{"rendered":"Nesta sexta-feira, a Avenida do CPA ser\u00e1 completamente fechada ao tr\u00e1fego de ve\u00edculos"},"content":{"rendered":"\n<p>Na manh\u00e3 do dia 1\u00ba de maio as ruas do Centro Pol\u00edtico Administrativo ser\u00e3o completamente interditadas para a realiza\u00e7\u00e3o da 7\u00aa Corrida do Trabalhador, organizada pelo Tribunal Regional do Trabalho (TRT).<\/p>\n\n\n\n<p>A Secretaria Municipal de Mobilidade Urbana e Seguran\u00e7a P\u00fablica da cidade informou que o bloqueio ir\u00e1 iniciar \u00e0s 5h30 e tem previs\u00e3o de libera\u00e7\u00e3o das vias por volta das 10h e os agentes de tr\u00e2nsito estar\u00e3o presentes no local para orientar quem estar\u00e1 passando pela regi\u00e3o.<\/p>\n\n\n\n<p>A corrida opera desde o ano de 2016 e pretende atrair cerca de 1.800 participantes, sendo 1.600 adultos e 200 crian\u00e7as. O trajeto varia de acordo com a modalidade escolhida, sendo 5 km e 10 km (ida e volta), caminhada e trajeto infantil.<\/p>\n\n\n\n<p>A largada ser\u00e1 na Avenida Dr. H\u00e9lio Ponce de Arruda, na lateral do TRT \u00e0s 06h30, ir\u00e1 passar pela Assembleia Legislativa, F\u00f3rum e retornar\u00e1 ao ponto inicial da partida. J\u00e1 a corrida kids iniciar\u00e1 a concentra\u00e7\u00e3o \u00e1s 15h no estacionamento do TRT.<\/p>\n\n\n\n<p>As inscri\u00e7\u00f5es para a corrida j\u00e1 est\u00e3o esgotadas e os kits devem ser retirados at\u00e9 as 17h30 desta quinta-feira (30) no sagu\u00e3o do pr\u00e9dio das varas no Centro Pol\u00edtico Administrativo de Cuiab\u00e1.<\/p>\n\n\n\n<p>Rep\u00f3rter MT<\/p>\n","protected":false},"excerpt":{"rendered":"<p>Na manh\u00e3 do dia 1\u00ba de maio as ruas do Centro Pol\u00edtico Administrativo ser\u00e3o completamente interditadas para a realiza\u00e7\u00e3o da 7\u00aa Corrida do Trabalhador, organizada pelo Tribunal Regional do Trabalho (TRT). A Secretaria Municipal de Mobilidade Urbana e Seguran\u00e7a P\u00fablica da cidade informou que o bloqueio ir\u00e1 iniciar \u00e0s 5h30 e tem previs\u00e3o de libera\u00e7\u00e3o [&hellip;]<\/p>\n","protected":false},"author":2,"featured_media":22113,"comment_status":"closed","ping_status":"closed","sticky":false,"template":"","format":"standard","meta":{"_monsterinsights_skip_tracking":false,"_monsterinsights_sitenote_active":false,"_monsterinsights_sitenote_note":"","_monsterinsights_sitenote_category":0,"footnotes":""},"categories":[51,1,48],"tags":[],"_links":{"self":[{"href":"https:\/\/nazarenonews.com.br\/index.php\/wp-json\/wp\/v2\/posts\/22112"}],"collection":[{"href":"https:\/\/nazarenonews.com.br\/index.php\/wp-json\/wp\/v2\/posts"}],"about":[{"href":"https:\/\/nazarenonews.com.br\/index.php\/wp-json\/wp\/v2\/types\/post"}],"author":[{"embeddable":true,"href":"https:\/\/nazarenonews.com.br\/index.php\/wp-json\/wp\/v2\/users\/2"}],"replies":[{"embeddable":true,"href":"https:\/\/nazarenonews.com.br\/index.php\/wp-json\/wp\/v2\/comments?post=22112"}],"version-history":[{"count":1,"href":"https:\/\/nazarenonews.com.br\/index.php\/wp-json\/wp\/v2\/posts\/22112\/revisions"}],"predecessor-version":[{"id":22114,"href":"https:\/\/nazarenonews.com.br\/index.php\/wp-json\/wp\/v2\/posts\/22112\/revisions\/22114"}],"wp:featuredmedia":[{"embeddable":true,"href":"https:\/\/nazarenonews.com.br\/index.php\/wp-json\/wp\/v2\/media\/22113"}],"wp:attachment":[{"href":"https:\/\/nazarenonews.com.br\/index.php\/wp-json\/wp\/v2\/media?parent=22112"}],"wp:term":[{"taxonomy":"category","embeddable":true,"href":"https:\/\/nazarenonews.com.br\/index.php\/wp-json\/wp\/v2\/categories?post=22112"},{"taxonomy":"post_tag","embeddable":true,"href":"https:\/\/nazarenonews.com.br\/index.php\/wp-json\/wp\/v2\/tags?post=22112"}],"curies":[{"name":"wp","href":"https:\/\/api.w.org\/{rel}","templated":true}]}}