{"id":22091,"date":"2026-04-30T06:53:57","date_gmt":"2026-04-30T10:53:57","guid":{"rendered":"https:\/\/nazarenonews.com.br\/?p=22091"},"modified":"2026-04-30T06:53:57","modified_gmt":"2026-04-30T10:53:57","slug":"religacoes-fantasmas-leva-mp-a-pedir-investigacao-contra-dae-e-prefeita-de-varzea-grande-mt","status":"publish","type":"post","link":"https:\/\/nazarenonews.com.br\/index.php\/2026\/04\/30\/religacoes-fantasmas-leva-mp-a-pedir-investigacao-contra-dae-e-prefeita-de-varzea-grande-mt\/","title":{"rendered":"&#8216;Religa\u00e7\u00f5es fantasmas&#8217; leva MP a pedir investiga\u00e7\u00e3o contra DAE e prefeita de V\u00e1rzea Grande (MT)"},"content":{"rendered":"\n<p>O&nbsp;<strong>Minist\u00e9rio P\u00fablico de Mato Grosso (MPMT)<\/strong>&nbsp;pediu ao Tribunal de Justi\u00e7a do estado a abertura de um inqu\u00e9rito para investigar poss\u00edveis crimes no&nbsp;<strong>Departamento de \u00c1gua e Esgoto (DAE)<\/strong>&nbsp;de&nbsp;<a class=\"\" href=\"https:\/\/g1.globo.com\/mt\/mato-grosso\/cidade\/varzea-grande-mt\/\">V\u00e1rzea Grande<\/a>, regi\u00e3o metropolitana de Cuiab\u00e1. O pedido foi encaminhado no \u00faltimo dia 16 e cita o poss\u00edvel conhecimento da prefeita&nbsp;<strong>Fl\u00e1via Moretti (PL).<\/strong><\/p>\n\n\n\n<p>Em nota, a prefeitura informou que, at\u00e9 o momento, n\u00e3o recebeu oficialmente qualquer notifica\u00e7\u00e3o, comunica\u00e7\u00e3o formal ou cita\u00e7\u00e3o referente ao pedido mencionado envolvendo o DAE\/VG.<\/p>\n\n\n\n<p>\u201cA gest\u00e3o municipal refor\u00e7a que pauta sua atua\u00e7\u00e3o nos princ\u00edpios da legalidade, transpar\u00eancia e responsabilidade administrativa, permanecendo \u00e0 disposi\u00e7\u00e3o dos \u00f3rg\u00e3os de controle e fiscaliza\u00e7\u00e3o para prestar todos os esclarecimentos necess\u00e1rios, caso seja formalmente acionada\u201d, diz trecho.<\/p>\n\n\n\n<p>A investiga\u00e7\u00e3o teve in\u00edcio em 25 de mar\u00e7o, na Delegacia Especializada de Combate \u00e0 Corrup\u00e7\u00e3o (Decor), ap\u00f3s uma den\u00fancia formal que apontou poss\u00edveis irregularidades no DAE. Entre os ind\u00edcios levantados est\u00e3o crimes contra a administra\u00e7\u00e3o p\u00fablica, como&nbsp;peculato,&nbsp;fraude administrativa,&nbsp;manipula\u00e7\u00e3o indevida de sistemas p\u00fablicos, entre outras irregularidades.<\/p>\n\n\n\n<p>Ao final das investiga\u00e7\u00f5es, a pol\u00edcia apontou ind\u00edcios de\u00a0envolvimento de agentes p\u00fablicos em cargos estrat\u00e9gicos e de pessoas ligadas \u00e0 estrutura diretiva do \u00f3rg\u00e3o. Tamb\u00e9m foram identificados elementos que indicam poss\u00edvel conhecimento ou participa\u00e7\u00e3o da prefeita Fl\u00e1via Moretti no esquema investigado.<\/p>\n\n\n\n<h2 class=\"wp-block-heading\">A den\u00fancia<\/h2>\n\n\n\n<p>Segundo a den\u00fancia, um t\u00e9cnico foi contratado para prestar servi\u00e7os de auditoria no sistema de informa\u00e7\u00e3o e no planejamento de tecnologia da autarquia. Ele ficou respons\u00e1vel por analisar bancos de dados, a consist\u00eancia das informa\u00e7\u00f5es e as rotinas operacionais.<\/p>\n\n\n\n<p>Durante o trabalho, o profissional afirmou ter&nbsp;identificado inconsist\u00eancias entre backups do sistema, diverg\u00eancias nos dados de faturamento, falhas estruturais relevantes e registros at\u00edpicos de cortes e religa\u00e7\u00f5es de \u00e1gua&nbsp;em grande volume e em intervalos incompat\u00edveis com a rotina do servi\u00e7o p\u00fablico.<\/p>\n\n\n\n<p>Conforme o relato, os registros podem indicar a exist\u00eancia de \u201creliga\u00e7\u00f5es fantasmas\u201d, possivelmente utilizadas para justificar o pagamento indevido de produtividade a servidores, com potencial desvio de recursos p\u00fablicos.<\/p>\n\n\n\n<p>Ainda de acordo com o documento, o t\u00e9cnico relatou formalmente as irregularidades \u00e0 Controladoria Interna e \u00e0 Presid\u00eancia do DAE\/VG. A partir disso, foram iniciadas investiga\u00e7\u00f5es internas.<\/p>\n\n\n\n<p>Por\u00e9m, ap\u00f3s uma mudan\u00e7a na gest\u00e3o interna as investiga\u00e7\u00f5es teriam sido interrompidas, e um dos dos servidores apontados como potencialmente envolvido nas irregularidades teria sido promovido. A den\u00fancia ainda cita a exonera\u00e7\u00e3o de mais de trinta colaboradores terceirizados sem pr\u00e9vio planejamento, o desmonte do setor de Tecnologia da Informa\u00e7\u00e3o, a descontinuidade de sistemas auditados e a consequente dificuldade de rastreamento de evid\u00eancias digitais eventualmente relacionadas \u00e0s irregularidades noticiadas.<\/p>\n\n\n\n<p>O relato aponta ainda que houve tentativa frustrada de formalizar a den\u00fancia junto \u00e0 Controladoria, al\u00e9m do registro de um boletim de ocorr\u00eancia contra o pr\u00f3prio comunicante, por suposta cal\u00fania.<\/p>\n\n\n\n<p>Por fim, o documento cita que h\u00e1 men\u00e7\u00f5es, em grava\u00e7\u00f5es, de que a prefeita Fl\u00e1via Moretti teria conhecimento das irregularidade.<\/p>\n\n\n\n<p>O promotor de Justi\u00e7a Marcelo Caetano Vacchiano afirmou que, diante da exist\u00eancia de elementos que indicam, ao menos em tese, poss\u00edvel conhecimento, participa\u00e7\u00e3o, anu\u00eancia ou eventual omiss\u00e3o penalmente relevante da chefe do Poder Executivo municipal, \u00e9 necess\u00e1ria a supervis\u00e3o jurisdicional origin\u00e1ria pelo Tribunal de Justi\u00e7a.<\/p>\n\n\n\n<p><strong>\u201cOs elementos at\u00e9 aqui reunidos revelam justa causa m\u00ednima para aprofundamento investigativo. H\u00e1 documenta\u00e7\u00e3o escrita, declara\u00e7\u00f5es formais, registros audiovisuais, m\u00eddia apreendida e relat\u00f3rio policial circunstanciado\u201d, escreveu<\/strong>.<\/p>\n\n\n\n<p>g1-MT<\/p>\n","protected":false},"excerpt":{"rendered":"<p>O&nbsp;Minist\u00e9rio P\u00fablico de Mato Grosso (MPMT)&nbsp;pediu ao Tribunal de Justi\u00e7a do estado a abertura de um inqu\u00e9rito para investigar poss\u00edveis crimes no&nbsp;Departamento de \u00c1gua e Esgoto (DAE)&nbsp;de&nbsp;V\u00e1rzea Grande, regi\u00e3o metropolitana de Cuiab\u00e1. O pedido foi encaminhado no \u00faltimo dia 16 e cita o poss\u00edvel conhecimento da prefeita&nbsp;Fl\u00e1via Moretti (PL). Em nota, a prefeitura informou que, [&hellip;]<\/p>\n","protected":false},"author":2,"featured_media":22092,"comment_status":"closed","ping_status":"closed","sticky":false,"template":"","format":"standard","meta":{"_monsterinsights_skip_tracking":false,"_monsterinsights_sitenote_active":false,"_monsterinsights_sitenote_note":"","_monsterinsights_sitenote_category":0,"footnotes":""},"categories":[36,1,48],"tags":[],"_links":{"self":[{"href":"https:\/\/nazarenonews.com.br\/index.php\/wp-json\/wp\/v2\/posts\/22091"}],"collection":[{"href":"https:\/\/nazarenonews.com.br\/index.php\/wp-json\/wp\/v2\/posts"}],"about":[{"href":"https:\/\/nazarenonews.com.br\/index.php\/wp-json\/wp\/v2\/types\/post"}],"author":[{"embeddable":true,"href":"https:\/\/nazarenonews.com.br\/index.php\/wp-json\/wp\/v2\/users\/2"}],"replies":[{"embeddable":true,"href":"https:\/\/nazarenonews.com.br\/index.php\/wp-json\/wp\/v2\/comments?post=22091"}],"version-history":[{"count":1,"href":"https:\/\/nazarenonews.com.br\/index.php\/wp-json\/wp\/v2\/posts\/22091\/revisions"}],"predecessor-version":[{"id":22093,"href":"https:\/\/nazarenonews.com.br\/index.php\/wp-json\/wp\/v2\/posts\/22091\/revisions\/22093"}],"wp:featuredmedia":[{"embeddable":true,"href":"https:\/\/nazarenonews.com.br\/index.php\/wp-json\/wp\/v2\/media\/22092"}],"wp:attachment":[{"href":"https:\/\/nazarenonews.com.br\/index.php\/wp-json\/wp\/v2\/media?parent=22091"}],"wp:term":[{"taxonomy":"category","embeddable":true,"href":"https:\/\/nazarenonews.com.br\/index.php\/wp-json\/wp\/v2\/categories?post=22091"},{"taxonomy":"post_tag","embeddable":true,"href":"https:\/\/nazarenonews.com.br\/index.php\/wp-json\/wp\/v2\/tags?post=22091"}],"curies":[{"name":"wp","href":"https:\/\/api.w.org\/{rel}","templated":true}]}}