{"id":22088,"date":"2026-04-30T06:51:15","date_gmt":"2026-04-30T10:51:15","guid":{"rendered":"https:\/\/nazarenonews.com.br\/?p=22088"},"modified":"2026-04-30T06:51:15","modified_gmt":"2026-04-30T10:51:15","slug":"japones-da-federal-e-recontratado-em-cuiaba-apos-exoneracao-relampago-para-casar","status":"publish","type":"post","link":"https:\/\/nazarenonews.com.br\/index.php\/2026\/04\/30\/japones-da-federal-e-recontratado-em-cuiaba-apos-exoneracao-relampago-para-casar\/","title":{"rendered":"\u2018Japon\u00eas da Federal\u2019 \u00e9 recontratado em Cuiab\u00e1 ap\u00f3s exonera\u00e7\u00e3o rel\u00e2mpago para casar"},"content":{"rendered":"\n<p>O secret\u00e1rio-adjunto na Prefeitura de Cuiab\u00e1,&nbsp;<strong>Newton Hidenori Ishii,<\/strong>&nbsp;conhecido como&nbsp;&#8220;Japon\u00eas da Federal&#8221;, foi exonerado do cargo nesta ter\u00e7a-feira (28) e deve retornar para a&nbsp;mesma fun\u00e7\u00e3o&nbsp;no dia 5 de maio.&nbsp;As duas decis\u00f5es foram publicadas no mesmo dia no Di\u00e1rio Oficial.<\/p>\n\n\n\n<p>Segundo a prefeitura, o afastamento ocorreu para que ele pudesse&nbsp;participar do pr\u00f3prio casamento, que j\u00e1 estava marcado. Como o cargo comissionado n\u00e3o prev\u00ea f\u00e9rias, a sa\u00edda tempor\u00e1ria foi formalizada por meio de exonera\u00e7\u00e3o.<\/p>\n\n\n\n<p>O servidor ocupa o cargo comissionado de gest\u00e3o, dire\u00e7\u00e3o e assessoramento, com simbologia GD-3, na Secretaria Municipal de Governo.<\/p>\n\n\n\n<p>A nomea\u00e7\u00e3o de Newton Hidenori Ishii, o &#8220;Japon\u00eas da Federal&#8221;, como&nbsp;<a class=\"\" href=\"https:\/\/g1.globo.com\/mt\/mato-grosso\/noticia\/2026\/03\/03\/prefeito-de-cuiaba-nomeia-japones-da-federal-como-secretario-adjunto.ghtml\"><strong>secret\u00e1rio-adjunto na prefeitura de Cuiab\u00e1<\/strong><\/a>&nbsp;na segunda-feira (2) trouxe \u00e0 tona o debate se pessoas com antedecentes criminais poderiam exercer cargos p\u00fablicos.<\/p>\n\n\n\n<p>Isso porque, h\u00e1 10 anos, Ishii foi preso por facilitar o contrabando na fronteira, no Paran\u00e1. Antes disso, ele ficou famoso por&nbsp;<a class=\"\" href=\"https:\/\/g1.globo.com\/politica\/operacao-lava-jato\/\"><strong>escoltar pol\u00edticos, empres\u00e1rios, doleiros e funcion\u00e1rios p\u00fablicos durante o cumprimento das decis\u00f5es judiciais na Opera\u00e7\u00e3o Lava Jato.<\/strong><\/a><\/p>\n\n\n\n<p>Durante a coletiva que oficializou a nomea\u00e7\u00e3o de Ishii, o prefeito de Cuiab\u00e1 Abilio Brunini (PL) disse que&nbsp;foi apresentada uma certid\u00e3o negativa de antecedentes criminais.<\/p>\n\n\n\n<p>O trabalho de Ishii deve se concentrar em compliance entre as secretarias da prefeitura, segundo Abilio.\u00a0O foco dele deve ser instalar boas pr\u00e1ticas de gest\u00e3o nas pastas.<\/p>\n\n\n\n<p>g1-MT<\/p>\n","protected":false},"excerpt":{"rendered":"<p>O secret\u00e1rio-adjunto na Prefeitura de Cuiab\u00e1,&nbsp;Newton Hidenori Ishii,&nbsp;conhecido como&nbsp;&#8220;Japon\u00eas da Federal&#8221;, foi exonerado do cargo nesta ter\u00e7a-feira (28) e deve retornar para a&nbsp;mesma fun\u00e7\u00e3o&nbsp;no dia 5 de maio.&nbsp;As duas decis\u00f5es foram publicadas no mesmo dia no Di\u00e1rio Oficial. Segundo a prefeitura, o afastamento ocorreu para que ele pudesse&nbsp;participar do pr\u00f3prio casamento, que j\u00e1 estava marcado. [&hellip;]<\/p>\n","protected":false},"author":2,"featured_media":22089,"comment_status":"closed","ping_status":"closed","sticky":false,"template":"","format":"standard","meta":{"_monsterinsights_skip_tracking":false,"_monsterinsights_sitenote_active":false,"_monsterinsights_sitenote_note":"","_monsterinsights_sitenote_category":0,"footnotes":""},"categories":[1],"tags":[],"_links":{"self":[{"href":"https:\/\/nazarenonews.com.br\/index.php\/wp-json\/wp\/v2\/posts\/22088"}],"collection":[{"href":"https:\/\/nazarenonews.com.br\/index.php\/wp-json\/wp\/v2\/posts"}],"about":[{"href":"https:\/\/nazarenonews.com.br\/index.php\/wp-json\/wp\/v2\/types\/post"}],"author":[{"embeddable":true,"href":"https:\/\/nazarenonews.com.br\/index.php\/wp-json\/wp\/v2\/users\/2"}],"replies":[{"embeddable":true,"href":"https:\/\/nazarenonews.com.br\/index.php\/wp-json\/wp\/v2\/comments?post=22088"}],"version-history":[{"count":1,"href":"https:\/\/nazarenonews.com.br\/index.php\/wp-json\/wp\/v2\/posts\/22088\/revisions"}],"predecessor-version":[{"id":22090,"href":"https:\/\/nazarenonews.com.br\/index.php\/wp-json\/wp\/v2\/posts\/22088\/revisions\/22090"}],"wp:featuredmedia":[{"embeddable":true,"href":"https:\/\/nazarenonews.com.br\/index.php\/wp-json\/wp\/v2\/media\/22089"}],"wp:attachment":[{"href":"https:\/\/nazarenonews.com.br\/index.php\/wp-json\/wp\/v2\/media?parent=22088"}],"wp:term":[{"taxonomy":"category","embeddable":true,"href":"https:\/\/nazarenonews.com.br\/index.php\/wp-json\/wp\/v2\/categories?post=22088"},{"taxonomy":"post_tag","embeddable":true,"href":"https:\/\/nazarenonews.com.br\/index.php\/wp-json\/wp\/v2\/tags?post=22088"}],"curies":[{"name":"wp","href":"https:\/\/api.w.org\/{rel}","templated":true}]}}