{"id":22076,"date":"2026-04-29T15:48:14","date_gmt":"2026-04-29T19:48:14","guid":{"rendered":"https:\/\/nazarenonews.com.br\/?p=22076"},"modified":"2026-04-29T15:48:15","modified_gmt":"2026-04-29T19:48:15","slug":"bandidos-furtam-aviao-apreendido-por-esquema-de-trafico","status":"publish","type":"post","link":"https:\/\/nazarenonews.com.br\/index.php\/2026\/04\/29\/bandidos-furtam-aviao-apreendido-por-esquema-de-trafico\/","title":{"rendered":"Bandidos furtam avi\u00e3o apreendido por esquema de tr\u00e1fico"},"content":{"rendered":"\n<p>Uma opera\u00e7\u00e3o conjunta entre a Pol\u00edcia Federal e a Pol\u00edcia Civil de Mato Grosso foi deflagrada na manh\u00e3 desta quarta-feira (29), em Juara (655 km de Cuiab\u00e1), para apurar o furto de uma aeronave apreendida durante uma investiga\u00e7\u00e3o ligada ao tr\u00e1fico internacional de drogas.<\/p>\n\n\n\n<p>Durante a Opera\u00e7\u00e3o Black Box, os policiais cumprem tr\u00eas mandados de busca e apreens\u00e3o. Dois deles foram expedidos pela Justi\u00e7a Federal da Subse\u00e7\u00e3o Judici\u00e1ria de Ju\u00edna e o terceiro pela 2\u00aa Vara C\u00edvel da Comarca de Juara.<\/p>\n\n\n\n<p>Segundo as investiga\u00e7\u00f5es, a retirada da aeronave teria sido uma a\u00e7\u00e3o planejada para ocultar provas de um crime transnacional, dificultando a responsabiliza\u00e7\u00e3o dos envolvidos e comprometendo o andamento das apura\u00e7\u00f5es.<\/p>\n\n\n\n<p>As buscas tamb\u00e9m apontam que os mesmos suspeitos investigados por participa\u00e7\u00e3o em um esquema de tr\u00e1fico internacional de drogas teriam atuado de forma coordenada para viabilizar o furto do avi\u00e3o.<\/p>\n\n\n\n<p>A opera\u00e7\u00e3o tem como objetivo localizar a aeronave subtra\u00edda, recuperar provas importantes para o inqu\u00e9rito e aprofundar a identifica\u00e7\u00e3o de todos os envolvidos na a\u00e7\u00e3o criminosa.<\/p>\n\n\n\n<p>Rep\u00f3rter MT<\/p>\n\n\n\n<p><\/p>\n","protected":false},"excerpt":{"rendered":"<p>Uma opera\u00e7\u00e3o conjunta entre a Pol\u00edcia Federal e a Pol\u00edcia Civil de Mato Grosso foi deflagrada na manh\u00e3 desta quarta-feira (29), em Juara (655 km de Cuiab\u00e1), para apurar o furto de uma aeronave apreendida durante uma investiga\u00e7\u00e3o ligada ao tr\u00e1fico internacional de drogas. Durante a Opera\u00e7\u00e3o Black Box, os policiais cumprem tr\u00eas mandados de [&hellip;]<\/p>\n","protected":false},"author":2,"featured_media":22077,"comment_status":"closed","ping_status":"closed","sticky":false,"template":"","format":"standard","meta":{"_monsterinsights_skip_tracking":false,"_monsterinsights_sitenote_active":false,"_monsterinsights_sitenote_note":"","_monsterinsights_sitenote_category":0,"footnotes":""},"categories":[1],"tags":[],"_links":{"self":[{"href":"https:\/\/nazarenonews.com.br\/index.php\/wp-json\/wp\/v2\/posts\/22076"}],"collection":[{"href":"https:\/\/nazarenonews.com.br\/index.php\/wp-json\/wp\/v2\/posts"}],"about":[{"href":"https:\/\/nazarenonews.com.br\/index.php\/wp-json\/wp\/v2\/types\/post"}],"author":[{"embeddable":true,"href":"https:\/\/nazarenonews.com.br\/index.php\/wp-json\/wp\/v2\/users\/2"}],"replies":[{"embeddable":true,"href":"https:\/\/nazarenonews.com.br\/index.php\/wp-json\/wp\/v2\/comments?post=22076"}],"version-history":[{"count":1,"href":"https:\/\/nazarenonews.com.br\/index.php\/wp-json\/wp\/v2\/posts\/22076\/revisions"}],"predecessor-version":[{"id":22078,"href":"https:\/\/nazarenonews.com.br\/index.php\/wp-json\/wp\/v2\/posts\/22076\/revisions\/22078"}],"wp:featuredmedia":[{"embeddable":true,"href":"https:\/\/nazarenonews.com.br\/index.php\/wp-json\/wp\/v2\/media\/22077"}],"wp:attachment":[{"href":"https:\/\/nazarenonews.com.br\/index.php\/wp-json\/wp\/v2\/media?parent=22076"}],"wp:term":[{"taxonomy":"category","embeddable":true,"href":"https:\/\/nazarenonews.com.br\/index.php\/wp-json\/wp\/v2\/categories?post=22076"},{"taxonomy":"post_tag","embeddable":true,"href":"https:\/\/nazarenonews.com.br\/index.php\/wp-json\/wp\/v2\/tags?post=22076"}],"curies":[{"name":"wp","href":"https:\/\/api.w.org\/{rel}","templated":true}]}}