{"id":22072,"date":"2026-04-29T07:18:28","date_gmt":"2026-04-29T11:18:28","guid":{"rendered":"https:\/\/nazarenonews.com.br\/?p=22072"},"modified":"2026-04-29T07:18:28","modified_gmt":"2026-04-29T11:18:28","slug":"boi-gordo-hoje-confira-as-cotacoes-para-esta-quarta-feira-29","status":"publish","type":"post","link":"https:\/\/nazarenonews.com.br\/index.php\/2026\/04\/29\/boi-gordo-hoje-confira-as-cotacoes-para-esta-quarta-feira-29\/","title":{"rendered":"Boi gordo hoje: confira as cota\u00e7\u00f5es para esta quarta-feira (29)"},"content":{"rendered":"\n<p>A carca\u00e7a su\u00edna especial apresenta baixa de 1,41%, sendo negociada a R$ 8,42, por quilo, nos atacados da Grande S\u00e3o Paulo<\/p>\n\n\n\n<p>Data de publica\u00e7\u00e3o: 29 de Abril de 2026, 04:05h<\/p>\n\n\n\n<p><strong>O pre\u00e7o do boi gordo nesta quarta-feira (29)&nbsp;apresenta baixa de 0,64%; a arroba est\u00e1 sendo negociada a R$ 358,40, no estado de S\u00e3o Paulo.&nbsp;<\/strong><\/p>\n\n\n\n<p><strong>INDICADOR DO BOI GORDO CEPEA\/ESALQ<\/strong><\/p>\n\n\n\n<figure class=\"wp-block-table\"><table><thead><tr><th>DATA<\/th><th>VALOR R$*<\/th><th>VAR.\/DIA<\/th><th>VAR.\/M\u00caS<\/th><th>VALOR US$*<\/th><\/tr><\/thead><tbody><tr><td>28\/04\/2026<\/td><td>358,40<\/td><td>-0,64%<\/td><td>0,67%<\/td><td>71,97<\/td><\/tr><tr><td>27\/04\/2026<\/td><td>360,70<\/td><td>-0,36%<\/td><td>1,32%<\/td><td>72,43<\/td><\/tr><tr><td>24\/04\/2026<\/td><td>362,00<\/td><td>-0,11%<\/td><td>1,69%<\/td><td>72,41<\/td><\/tr><tr><td>23\/04\/2026<\/td><td>362,40<\/td><td>-0,40%<\/td><td>1,80%<\/td><td>72,35<\/td><\/tr><tr><td>22\/04\/2026<\/td><td>363,85<\/td><td>-0,59%<\/td><td>2,21%<\/td><td>73,17<\/td><\/tr><\/tbody><\/table><\/figure>\n\n\n\n<p><strong>Na Grande S\u00e3o Paulo, em S\u00e3o Jos\u00e9 do Rio Preto e em Descalvado, os pre\u00e7os do frango apresentam estabilidade.&nbsp;<\/strong>O frango congelado segue negociado a R$ 7,16, e o frango resfriado a&nbsp;R$ 7,17.<\/p>\n\n\n\n<p><strong>PRE\u00c7OS DO FRANGO CONGELADO CEPEA\/ESALQ &#8211; ESTADO SP<\/strong><\/p>\n\n\n\n<figure class=\"wp-block-table\"><table><thead><tr><th>DATA<\/th><th>VALOR R$<\/th><th>VAR.\/DIA<\/th><th>VAR.\/M\u00caS<\/th><\/tr><\/thead><tbody><tr><td>28\/04\/2026<\/td><td>7,16<\/td><td>0,00%<\/td><td>-1,10%<\/td><\/tr><tr><td>27\/04\/2026<\/td><td>7,16<\/td><td>-0,42%<\/td><td>-1,10%<\/td><\/tr><tr><td>24\/04\/2026<\/td><td>7,19<\/td><td>-0,55%<\/td><td>-0,69%<\/td><\/tr><tr><td>23\/04\/2026<\/td><td>7,23<\/td><td>0,00%<\/td><td>-0,14%<\/td><\/tr><tr><td>22\/04\/2026<\/td><td>7,23<\/td><td>-1,50%<\/td><td>-0,14%<\/td><\/tr><\/tbody><\/table><\/figure>\n\n\n\n<p><strong>PRE\u00c7OS DO FRANGO RESFRIADO CEPEA\/ESALQ &#8211; ESTADO SP<\/strong><\/p>\n\n\n\n<figure class=\"wp-block-table\"><table><thead><tr><th>DATA<\/th><th>VALOR R$<\/th><th>VAR.\/DIA<\/th><th>VAR.\/M\u00caS<\/th><\/tr><\/thead><tbody><tr><td>28\/04\/2026<\/td><td>7,17<\/td><td>0,00%<\/td><td>-1,38%<\/td><\/tr><tr><td>27\/04\/2026<\/td><td>7,17<\/td><td>-0,42%<\/td><td>-1,38%<\/td><\/tr><tr><td>24\/04\/2026<\/td><td>7,20<\/td><td>-0,55%<\/td><td>-0,96%<\/td><\/tr><tr><td>23\/04\/2026<\/td><td>7,24<\/td><td>0,00%<\/td><td>-0,41%<\/td><\/tr><tr><td>22\/04\/2026<\/td><td>7,24<\/td><td>-1,63%<\/td><td>-0,41%<\/td><\/tr><\/tbody><\/table><\/figure>\n\n\n\n<h2 class=\"wp-block-heading\">Pre\u00e7o da carca\u00e7a su\u00edna especial e su\u00edno vivo<\/h2>\n\n\n\n<p><strong>A carca\u00e7a su\u00edna especial apresenta queda de 1,41%, sendo negociada a R$ 8,42, por quilo, nos atacados da Grande S\u00e3o Paulo.<\/strong><\/p>\n\n\n\n<p>O su\u00edno vivo tamb\u00e9m&nbsp;registra baixa em todos os estados analisados, com \u00e9 o caso do Paran\u00e1, onde o produto \u00e9 comercializado a R$ 4,85.<\/p>\n\n\n\n<p><strong>PRE\u00c7OS DA CARCA\u00c7A SU\u00cdNA ESPECIAL (R$\/kg)<\/strong><\/p>\n\n\n\n<figure class=\"wp-block-table\"><table><thead><tr><th>DATA<\/th><th>M\u00c9DIA<\/th><th>VAR.\/DIA<\/th><th>VAR.\/M\u00caS<\/th><\/tr><\/thead><tbody><tr><td>28\/04\/2026<\/td><td>8,42<\/td><td>-1,41%<\/td><td>-12,66%<\/td><\/tr><tr><td>27\/04\/2026<\/td><td>8,54<\/td><td>-0,93%<\/td><td>-11,41%<\/td><\/tr><tr><td>24\/04\/2026<\/td><td>8,62<\/td><td>0,00%<\/td><td>-10,58%<\/td><\/tr><tr><td>23\/04\/2026<\/td><td>8,62<\/td><td>-0,23%<\/td><td>-10,58%<\/td><\/tr><tr><td>22\/04\/2026<\/td><td>8,64<\/td><td>-1,93%<\/td><td>-10,37%<\/td><\/tr><\/tbody><\/table><\/figure>\n\n\n\n<p><strong>INDICADOR DO SU\u00cdNO VIVO CEPEA\/ESALQ (R$\/kg)<\/strong><\/p>\n\n\n\n<figure class=\"wp-block-table\"><table><thead><tr><th>DATA<\/th><th>ESTADO<\/th><th>VALOR R$*<\/th><th>VAR.\/DIA<\/th><th>VAR.\/M\u00caS<\/th><\/tr><\/thead><tbody><tr><td>28\/04\/2026<\/td><td>MG &#8211; posto<\/td><td>5,64<\/td><td>-0,35%<\/td><td>-14,16%<\/td><\/tr><tr><td>28\/04\/2026<\/td><td>PR &#8211; a retirar<\/td><td>4,85<\/td><td>-1,62%<\/td><td>-21,14%<\/td><\/tr><tr><td>28\/04\/2026<\/td><td>RS &#8211; a retirar<\/td><td>5,04<\/td><td>-1,95%<\/td><td>-19,87%<\/td><\/tr><tr><td>28\/04\/2026<\/td><td>SC &#8211; a retirar<\/td><td>4,88<\/td><td>-1,21%<\/td><td>-20,78%<\/td><\/tr><tr><td>28\/04\/2026<\/td><td>SP &#8211; posto<\/td><td>5,36<\/td><td>-0,92%<\/td><td>-18,91%<\/td><\/tr><\/tbody><\/table><\/figure>\n\n\n\n<p>Os dados s\u00e3o do&nbsp;<a href=\"https:\/\/cepea.org.br\/br\" target=\"_blank\" rel=\"noreferrer noopener\">Cepea<\/a>.<\/p>\n\n\n\n<h2 class=\"wp-block-heading\">O que \u00e9 o boi gordo? Entenda o termo do mercado bovino<\/h2>\n\n\n\n<p>O boi gordo \u00e9 o bovino macho pronto para o abate, com peso m\u00ednimo de 16 arrobas l\u00edquidas de carca\u00e7a (aproximadamente 240 kg) e at\u00e9 42 meses de idade. Atende aos padr\u00f5es do mercado nacional e internacional, incluindo exporta\u00e7\u00f5es para Europa, China e cota Hilton.<\/p>\n\n\n\n<h2 class=\"wp-block-heading\">Diferen\u00e7as entre frango congelado e frango resfriado<\/h2>\n\n\n\n<p>O frango congelado passa por congelamento r\u00e1pido, com temperaturas abaixo de -12\u00b0C, garantindo maior vida \u00fatil para armazenamento e transporte a longas dist\u00e2ncias.<\/p>\n\n\n\n<p>J\u00e1 o frango resfriado \u00e9 mantido entre 0\u00b0C e 4\u00b0C, com validade de 5 a 7 dias, oferecendo textura e sabor mais pr\u00f3ximos do fresco, ideal para consumidores exigentes e restaurantes. &nbsp;<\/p>\n","protected":false},"excerpt":{"rendered":"<p>A carca\u00e7a su\u00edna especial apresenta baixa de 1,41%, sendo negociada a R$ 8,42, por quilo, nos atacados da Grande S\u00e3o Paulo Data de publica\u00e7\u00e3o: 29 de Abril de 2026, 04:05h O pre\u00e7o do boi gordo nesta quarta-feira (29)&nbsp;apresenta baixa de 0,64%; a arroba est\u00e1 sendo negociada a R$ 358,40, no estado de S\u00e3o Paulo.&nbsp; INDICADOR [&hellip;]<\/p>\n","protected":false},"author":2,"featured_media":21881,"comment_status":"closed","ping_status":"closed","sticky":false,"template":"","format":"standard","meta":{"_monsterinsights_skip_tracking":false,"_monsterinsights_sitenote_active":false,"_monsterinsights_sitenote_note":"","_monsterinsights_sitenote_category":0,"footnotes":""},"categories":[54],"tags":[],"_links":{"self":[{"href":"https:\/\/nazarenonews.com.br\/index.php\/wp-json\/wp\/v2\/posts\/22072"}],"collection":[{"href":"https:\/\/nazarenonews.com.br\/index.php\/wp-json\/wp\/v2\/posts"}],"about":[{"href":"https:\/\/nazarenonews.com.br\/index.php\/wp-json\/wp\/v2\/types\/post"}],"author":[{"embeddable":true,"href":"https:\/\/nazarenonews.com.br\/index.php\/wp-json\/wp\/v2\/users\/2"}],"replies":[{"embeddable":true,"href":"https:\/\/nazarenonews.com.br\/index.php\/wp-json\/wp\/v2\/comments?post=22072"}],"version-history":[{"count":1,"href":"https:\/\/nazarenonews.com.br\/index.php\/wp-json\/wp\/v2\/posts\/22072\/revisions"}],"predecessor-version":[{"id":22073,"href":"https:\/\/nazarenonews.com.br\/index.php\/wp-json\/wp\/v2\/posts\/22072\/revisions\/22073"}],"wp:featuredmedia":[{"embeddable":true,"href":"https:\/\/nazarenonews.com.br\/index.php\/wp-json\/wp\/v2\/media\/21881"}],"wp:attachment":[{"href":"https:\/\/nazarenonews.com.br\/index.php\/wp-json\/wp\/v2\/media?parent=22072"}],"wp:term":[{"taxonomy":"category","embeddable":true,"href":"https:\/\/nazarenonews.com.br\/index.php\/wp-json\/wp\/v2\/categories?post=22072"},{"taxonomy":"post_tag","embeddable":true,"href":"https:\/\/nazarenonews.com.br\/index.php\/wp-json\/wp\/v2\/tags?post=22072"}],"curies":[{"name":"wp","href":"https:\/\/api.w.org\/{rel}","templated":true}]}}