{"id":22067,"date":"2026-04-29T07:15:44","date_gmt":"2026-04-29T11:15:44","guid":{"rendered":"https:\/\/nazarenonews.com.br\/?p=22067"},"modified":"2026-04-29T07:15:44","modified_gmt":"2026-04-29T11:15:44","slug":"cuiabanos-terao-frio-de-17c-em-maio-saiba-quando-a-temperatura-comeca-a-cair","status":"publish","type":"post","link":"https:\/\/nazarenonews.com.br\/index.php\/2026\/04\/29\/cuiabanos-terao-frio-de-17c-em-maio-saiba-quando-a-temperatura-comeca-a-cair\/","title":{"rendered":"Cuiabanos ter\u00e3o &#8220;frio&#8221; de 17\u00b0C em maio; saiba quando a temperatura come\u00e7a a cair"},"content":{"rendered":"\n<p>A capital mato-grossense deve registrar uma queda acentuada na temperatura nas pr\u00f3ximas semanas. Ap\u00f3s uma sequ\u00eancia de dias com calor intenso e m\u00e1ximas atingindo os 36\u00b0C, os term\u00f4metros devem marcar 17\u00b0C em Cuiab\u00e1. De acordo com os dados da&nbsp;<a href=\"https:\/\/www.climatempo.com.br\/previsao-do-tempo\/15-dias\/cidade\/218\/cuiaba-mt\" target=\"_blank\" rel=\"noreferrer noopener\">Climatempo<\/a>, a mudan\u00e7a mais brusca no clima est\u00e1 prevista para a segunda segunda-feira de maio (11), quando a m\u00ednima atingir\u00e1 o patamar mais baixo do per\u00edodo.<\/p>\n\n\n\n<p>Antes da chegada do frio, os cuiabanos ainda enfrentar\u00e3o dias de calor e chuvas r\u00e1pidas. Nesta quarta (29) e quinta-feira (30), as temperaturas variam entre 23\u00b0C e 33\u00b0C, com pancadas de chuva previstas para os per\u00edodos da tarde e da noite. A partir de domingo (03), a umidade come\u00e7a a recuar e as m\u00ednimas iniciam uma trajet\u00f3ria de queda, come\u00e7ando pelos 20\u00b0C.<\/p>\n\n\n\n<p><strong>Frio e tempo seco<\/strong><\/p>\n\n\n\n<p>O \u00e1pice da frente fria est\u00e1 previsto para os dias 11 e 12 de maio (segunda e ter\u00e7a-feira). Nestas datas, a m\u00ednima ser\u00e1 de 17\u00b0C, com m\u00e1ximas que n\u00e3o devem ultrapassar os 29\u00b0C. O cen\u00e1rio ser\u00e1 de tempo ensolarado, por\u00e9m com a presen\u00e7a de nevoeiro ao amanhecer e c\u00e9u limpo durante a noite. N\u00e3o h\u00e1 previs\u00e3o de chuva para esses dias, o que mant\u00e9m o alerta para a baixa umidade relativa do ar.<\/p>\n\n\n\n<p>O fen\u00f4meno \u00e9 acompanhado por institutos meteorol\u00f3gicos, como o INMET (Instituto Nacional de Meteorologia), que monitoram a chegada de massas de ar polar ao Centro-Oeste. A recomenda\u00e7\u00e3o para o per\u00edodo de 17\u00b0C \u00e9 aten\u00e7\u00e3o redobrada com a hidrata\u00e7\u00e3o e prote\u00e7\u00e3o contra o choque t\u00e9rmico, comum nas transi\u00e7\u00f5es entre a madrugada gelada e as tardes de sol em Cuiab\u00e1.<\/p>\n\n\n\n<p>Rep\u00f3rter MT<\/p>\n","protected":false},"excerpt":{"rendered":"<p>A capital mato-grossense deve registrar uma queda acentuada na temperatura nas pr\u00f3ximas semanas. Ap\u00f3s uma sequ\u00eancia de dias com calor intenso e m\u00e1ximas atingindo os 36\u00b0C, os term\u00f4metros devem marcar 17\u00b0C em Cuiab\u00e1. De acordo com os dados da&nbsp;Climatempo, a mudan\u00e7a mais brusca no clima est\u00e1 prevista para a segunda segunda-feira de maio (11), quando [&hellip;]<\/p>\n","protected":false},"author":2,"featured_media":22068,"comment_status":"closed","ping_status":"closed","sticky":false,"template":"","format":"standard","meta":{"_monsterinsights_skip_tracking":false,"_monsterinsights_sitenote_active":false,"_monsterinsights_sitenote_note":"","_monsterinsights_sitenote_category":0,"footnotes":""},"categories":[1],"tags":[],"_links":{"self":[{"href":"https:\/\/nazarenonews.com.br\/index.php\/wp-json\/wp\/v2\/posts\/22067"}],"collection":[{"href":"https:\/\/nazarenonews.com.br\/index.php\/wp-json\/wp\/v2\/posts"}],"about":[{"href":"https:\/\/nazarenonews.com.br\/index.php\/wp-json\/wp\/v2\/types\/post"}],"author":[{"embeddable":true,"href":"https:\/\/nazarenonews.com.br\/index.php\/wp-json\/wp\/v2\/users\/2"}],"replies":[{"embeddable":true,"href":"https:\/\/nazarenonews.com.br\/index.php\/wp-json\/wp\/v2\/comments?post=22067"}],"version-history":[{"count":1,"href":"https:\/\/nazarenonews.com.br\/index.php\/wp-json\/wp\/v2\/posts\/22067\/revisions"}],"predecessor-version":[{"id":22069,"href":"https:\/\/nazarenonews.com.br\/index.php\/wp-json\/wp\/v2\/posts\/22067\/revisions\/22069"}],"wp:featuredmedia":[{"embeddable":true,"href":"https:\/\/nazarenonews.com.br\/index.php\/wp-json\/wp\/v2\/media\/22068"}],"wp:attachment":[{"href":"https:\/\/nazarenonews.com.br\/index.php\/wp-json\/wp\/v2\/media?parent=22067"}],"wp:term":[{"taxonomy":"category","embeddable":true,"href":"https:\/\/nazarenonews.com.br\/index.php\/wp-json\/wp\/v2\/categories?post=22067"},{"taxonomy":"post_tag","embeddable":true,"href":"https:\/\/nazarenonews.com.br\/index.php\/wp-json\/wp\/v2\/tags?post=22067"}],"curies":[{"name":"wp","href":"https:\/\/api.w.org\/{rel}","templated":true}]}}