{"id":22064,"date":"2026-04-29T07:13:10","date_gmt":"2026-04-29T11:13:10","guid":{"rendered":"https:\/\/nazarenonews.com.br\/?p=22064"},"modified":"2026-04-29T07:13:10","modified_gmt":"2026-04-29T11:13:10","slug":"alunos-sao-flagrados-com-facas-e-canivete-em-escola-de-cuiaba","status":"publish","type":"post","link":"https:\/\/nazarenonews.com.br\/index.php\/2026\/04\/29\/alunos-sao-flagrados-com-facas-e-canivete-em-escola-de-cuiaba\/","title":{"rendered":"Alunos s\u00e3o flagrados com facas e canivete em escola de Cuiab\u00e1"},"content":{"rendered":"\n<p>Tr\u00eas adolescentes foram flagrados com facas e um canivete escondidos nas mochilas na Escola Estadual C\u00edvico-Militar Heliodoro Capistrano da Silva, em Cuiab\u00e1, na manh\u00e3 da \u00faltima quinta-feira (23), durante uma revista de rotina.<\/p>\n\n\n\n<p>De acordo com a Pol\u00edcia Civil, o caso ocorreu por volta das 8h30. As armas brancas foram identificadas por um detector de metais utilizado pela escola, geralmente empregado para localizar aparelhos celulares.<\/p>\n\n\n\n<p>Os pais dos estudantes foram chamados \u00e0 unidade e afirmaram ter conhecimento da situa\u00e7\u00e3o. Segundo eles, os filhos alegaram que carregavam os objetos para se proteger.<\/p>\n\n\n\n<p>Uma professora da institui\u00e7\u00e3o relatou ao\u00a0<strong>Gazeta Digital\u00a0<\/strong>que os docentes est\u00e3o receosos em ministrar aulas para a turma, j\u00e1 que os adolescentes continuam frequentando a escola normalmente e, at\u00e9 o momento, sem puni\u00e7\u00e3o.<\/p>\n\n\n\n<p>\u201cOs professores ficaram muito alarmados, porque s\u00e3o tr\u00eas alunos da mesma sala, colegas de longa data. Como algu\u00e9m leva uma arma para se proteger dentro de uma escola, ainda mais sendo c\u00edvico-militar? N\u00e3o tem l\u00f3gica\u201d, questionou.<\/p>\n\n\n\n<p>Segundo a docente, h\u00e1 recorrentes casos de desrespeito aos militares que atuam na unidade, respons\u00e1veis por auxiliar na disciplina.<\/p>\n\n\n\n<p>\u201cEsses monitores que ficam nos corredores tamb\u00e9m s\u00e3o xingados e desacatados, assim como os demais funcion\u00e1rios da escola\u201d, afirmou.<\/p>\n\n\n\n<p>Em nota, a Secretaria de Estado de Educa\u00e7\u00e3o (Seduc) informou que as medidas cab\u00edveis foram adotadas e que a Diretoria Metropolitana de Educa\u00e7\u00e3o (DME) acompanha o caso para garantir suporte a profissionais e estudantes.<\/p>\n\n\n\n<p><strong>Leia a nota na \u00edntegra:<\/strong><\/p>\n\n\n\n<p><em>\u201cA Diretoria Metropolitana de Educa\u00e7\u00e3o (DME) informa que, ao tomar conhecimento da situa\u00e7\u00e3o registrada na Escola Estadual C\u00edvico-Militar Heliodoro Capistrano da Silva, a unidade escolar adotou as provid\u00eancias imediatas de seguran\u00e7a, o acolhimento dos estudantes e profissionais envolvidos, comunica\u00e7\u00e3o aos respons\u00e1veis legais e o registro da ocorr\u00eancia junto ao \u00f3rg\u00e3o competente.<\/em><\/p>\n\n\n\n<p><em>A DME refor\u00e7a que seguir\u00e1 acompanhando a unidade escolar, em articula\u00e7\u00e3o com os setores competentes, para garantir suporte \u00e0 gest\u00e3o, aos profissionais da educa\u00e7\u00e3o, aos estudantes e \u00e0s fam\u00edlias, com base nos protocolos oficiais, na prote\u00e7\u00e3o integral e na promo\u00e7\u00e3o de um ambiente escolar seguro, acolhedor e adequado ao processo de ensino e aprendizagem.\u201d<\/em><\/p>\n\n\n\n<p>Midianews <\/p>\n","protected":false},"excerpt":{"rendered":"<p>Tr\u00eas adolescentes foram flagrados com facas e um canivete escondidos nas mochilas na Escola Estadual C\u00edvico-Militar Heliodoro Capistrano da Silva, em Cuiab\u00e1, na manh\u00e3 da \u00faltima quinta-feira (23), durante uma revista de rotina. De acordo com a Pol\u00edcia Civil, o caso ocorreu por volta das 8h30. As armas brancas foram identificadas por um detector de [&hellip;]<\/p>\n","protected":false},"author":2,"featured_media":22065,"comment_status":"closed","ping_status":"closed","sticky":false,"template":"","format":"standard","meta":{"_monsterinsights_skip_tracking":false,"_monsterinsights_sitenote_active":false,"_monsterinsights_sitenote_note":"","_monsterinsights_sitenote_category":0,"footnotes":""},"categories":[1],"tags":[],"_links":{"self":[{"href":"https:\/\/nazarenonews.com.br\/index.php\/wp-json\/wp\/v2\/posts\/22064"}],"collection":[{"href":"https:\/\/nazarenonews.com.br\/index.php\/wp-json\/wp\/v2\/posts"}],"about":[{"href":"https:\/\/nazarenonews.com.br\/index.php\/wp-json\/wp\/v2\/types\/post"}],"author":[{"embeddable":true,"href":"https:\/\/nazarenonews.com.br\/index.php\/wp-json\/wp\/v2\/users\/2"}],"replies":[{"embeddable":true,"href":"https:\/\/nazarenonews.com.br\/index.php\/wp-json\/wp\/v2\/comments?post=22064"}],"version-history":[{"count":1,"href":"https:\/\/nazarenonews.com.br\/index.php\/wp-json\/wp\/v2\/posts\/22064\/revisions"}],"predecessor-version":[{"id":22066,"href":"https:\/\/nazarenonews.com.br\/index.php\/wp-json\/wp\/v2\/posts\/22064\/revisions\/22066"}],"wp:featuredmedia":[{"embeddable":true,"href":"https:\/\/nazarenonews.com.br\/index.php\/wp-json\/wp\/v2\/media\/22065"}],"wp:attachment":[{"href":"https:\/\/nazarenonews.com.br\/index.php\/wp-json\/wp\/v2\/media?parent=22064"}],"wp:term":[{"taxonomy":"category","embeddable":true,"href":"https:\/\/nazarenonews.com.br\/index.php\/wp-json\/wp\/v2\/categories?post=22064"},{"taxonomy":"post_tag","embeddable":true,"href":"https:\/\/nazarenonews.com.br\/index.php\/wp-json\/wp\/v2\/tags?post=22064"}],"curies":[{"name":"wp","href":"https:\/\/api.w.org\/{rel}","templated":true}]}}