{"id":22061,"date":"2026-04-29T07:10:49","date_gmt":"2026-04-29T11:10:49","guid":{"rendered":"https:\/\/nazarenonews.com.br\/?p=22061"},"modified":"2026-04-29T07:10:49","modified_gmt":"2026-04-29T11:10:49","slug":"juiz-mantem-prisao-de-enfermeira-que-se-passava-por-medica-em-cuiaba","status":"publish","type":"post","link":"https:\/\/nazarenonews.com.br\/index.php\/2026\/04\/29\/juiz-mantem-prisao-de-enfermeira-que-se-passava-por-medica-em-cuiaba\/","title":{"rendered":"Juiz mant\u00e9m pris\u00e3o de enfermeira que se passava por m\u00e9dica em Cuiab\u00e1"},"content":{"rendered":"\n<p>A Justi\u00e7a manteve a pris\u00e3o preventiva da enfermeira Poliana Rodrigues da Silva, de 38 anos,&nbsp;propriet\u00e1ria da cl\u00ednica de est\u00e9tica&nbsp;F\u00e1brica dos Gl\u00fateos, localizada no bairro Jardim Europa, em Cuiab\u00e1, por&nbsp;exerc\u00edcio ilegal da medicina e crimes contra a sa\u00fade p\u00fablica. Ele foi detida na \u00faltima sexta-feira (24).&nbsp;<\/p>\n\n\n\n<p>A decis\u00e3o foi proferida pelo juiz C\u00e1ssio Leite de Barros Netto, do N\u00facleo de Justi\u00e7a 4.0 do Juiz de Garantias, durante audi\u00eancia de cust\u00f3dia realizada nesta semana.&nbsp;<\/p>\n\n\n\n<p>&#8220;N\u00e3o vislumbro a ocorr\u00eancia de nenhuma irregularidade em rela\u00e7\u00e3o \u00e0 pris\u00e3o da custodiada Poliana Rodrigues da Silva, que foi detida por for\u00e7a da exist\u00eancia de mandado de pris\u00e3o criminal em seu desfavor&#8221;, escreveu o magistrado na decis\u00e3o.&nbsp;<\/p>\n\n\n\n<p>Durante a audi\u00eancia, a defesa da enfermeira pediu a revoga\u00e7\u00e3o da pris\u00e3o preventiva ou a substitui\u00e7\u00e3o para pris\u00e3o domiciliar.<\/p>\n\n\n\n<p>O juiz determinou que o pedido de revoga\u00e7\u00e3oseja analisado somente ap\u00f3s manifesta\u00e7\u00e3o do Minist\u00e9rio P\u00fablico. J\u00e1 sobre a possibilidade de pris\u00e3o domiciliar, C\u00e1ssio Netto destacou que &#8220;a quest\u00e3o da pris\u00e3o domiciliar deve ser revista ap\u00f3s manifesta\u00e7\u00e3o do MP, considerando que n\u00e3o se mostrou suficiente para evitar a reitera\u00e7\u00e3o criminosa&#8221;.<\/p>\n\n\n\n<p>As investiga\u00e7\u00f5es apontam que a enfermeira se apresentava nas redes sociais como &#8220;doutora&#8221; e divulgava procedimentos est\u00e9ticos invasivos em regi\u00f5es como rosto, gl\u00fateos e seios. Os atendimentos eram pagos antecipadamente via Pix, sem qualquer comprova\u00e7\u00e3o de habilita\u00e7\u00e3o m\u00e9dica.<\/p>\n\n\n\n<p>De acordo com a Pol\u00edcia Civil, foram constatadas diversas infra\u00e7\u00f5es sanit\u00e1rias na cl\u00ednica de Poliana. Entre os procedimentos irregulares realizados estavam aplica\u00e7\u00e3o de Plasma Rico em Plaquetas (PRP), ozonioterapia e soroterapia, todos privativos de profissionais m\u00e9dicos.<\/p>\n\n\n\n<p>Al\u00e9m disso, foram encontrados medicamentos vencidos, produtos de origem estrangeira sem registro no Brasil e subst\u00e2ncias proibidas pela Ag\u00eancia Nacional de Vigil\u00e2ncia Sanit\u00e1ria (Anvisa), como toxina botul\u00ednica de fabrica\u00e7\u00e3o sul-coreana e outros f\u00e1rmacos utilizados de forma irregular. Os produtos eram armazenados em condi\u00e7\u00f5es inadequadas, sem controle sanit\u00e1rio e parte deles teria sido importada ilegalmente.<\/p>\n\n\n\n<p>\u201cAs fiscaliza\u00e7\u00f5es tamb\u00e9m evidenciaram que a cl\u00ednica funcionava sem alvar\u00e1 sanit\u00e1rio, sem controle adequado de res\u00edduos e sem condi\u00e7\u00f5es m\u00ednimas de biosseguran\u00e7a, expondo pacientes a riscos de contamina\u00e7\u00e3o por doen\u00e7as graves\u201d, afirmou o delegado titular da&nbsp;Delegacia Especializada de Defesa do Consumidor (Decon),&nbsp;Rog\u00e9rio Ferreira.<\/p>\n\n\n\n<p>Conforme a pol\u00edcia, mesmo ap\u00f3s a interdi\u00e7\u00e3o do estabelecimento, a investigada manteve as atividades de forma clandestina. Ela \u00e9 suspeita de retirar equipamentos do local durante a noite e continuar atendendo pacientes em outros endere\u00e7os, inclusive em cl\u00ednicas n\u00e3o regularizadas, al\u00e9m de tentar abrir uma nova unidade com outro nome, sem autoriza\u00e7\u00e3o dos \u00f3rg\u00e3os competentes.<\/p>\n\n\n\n<p><strong>Outras medidas judiciais<\/strong><\/p>\n\n\n\n<p>Al\u00e9m da pris\u00e3o preventiva, a Justi\u00e7a determinou medidas cautelares como mandado de busca e apreens\u00e3o, interdi\u00e7\u00e3o imediata da cl\u00ednica, suspens\u00e3o do CNPJ da empresa, bloqueio das redes sociais da investigada e suspens\u00e3o do registro profissional junto ao Conselho Regional de Enfermagem de Mato Grosso (Coren-MT).<\/p>\n\n\n\n<p>A suspeita j\u00e1 possu\u00eda antecedente por tr\u00e1fico de drogas e usava tornozeleira eletr\u00f4nica no momento da pris\u00e3o.<\/p>\n\n\n\n<p>Midianews<\/p>\n","protected":false},"excerpt":{"rendered":"<p>A Justi\u00e7a manteve a pris\u00e3o preventiva da enfermeira Poliana Rodrigues da Silva, de 38 anos,&nbsp;propriet\u00e1ria da cl\u00ednica de est\u00e9tica&nbsp;F\u00e1brica dos Gl\u00fateos, localizada no bairro Jardim Europa, em Cuiab\u00e1, por&nbsp;exerc\u00edcio ilegal da medicina e crimes contra a sa\u00fade p\u00fablica. Ele foi detida na \u00faltima sexta-feira (24).&nbsp; A decis\u00e3o foi proferida pelo juiz C\u00e1ssio Leite de Barros [&hellip;]<\/p>\n","protected":false},"author":2,"featured_media":22062,"comment_status":"closed","ping_status":"closed","sticky":false,"template":"","format":"standard","meta":{"_monsterinsights_skip_tracking":false,"_monsterinsights_sitenote_active":false,"_monsterinsights_sitenote_note":"","_monsterinsights_sitenote_category":0,"footnotes":""},"categories":[51,1],"tags":[],"_links":{"self":[{"href":"https:\/\/nazarenonews.com.br\/index.php\/wp-json\/wp\/v2\/posts\/22061"}],"collection":[{"href":"https:\/\/nazarenonews.com.br\/index.php\/wp-json\/wp\/v2\/posts"}],"about":[{"href":"https:\/\/nazarenonews.com.br\/index.php\/wp-json\/wp\/v2\/types\/post"}],"author":[{"embeddable":true,"href":"https:\/\/nazarenonews.com.br\/index.php\/wp-json\/wp\/v2\/users\/2"}],"replies":[{"embeddable":true,"href":"https:\/\/nazarenonews.com.br\/index.php\/wp-json\/wp\/v2\/comments?post=22061"}],"version-history":[{"count":1,"href":"https:\/\/nazarenonews.com.br\/index.php\/wp-json\/wp\/v2\/posts\/22061\/revisions"}],"predecessor-version":[{"id":22063,"href":"https:\/\/nazarenonews.com.br\/index.php\/wp-json\/wp\/v2\/posts\/22061\/revisions\/22063"}],"wp:featuredmedia":[{"embeddable":true,"href":"https:\/\/nazarenonews.com.br\/index.php\/wp-json\/wp\/v2\/media\/22062"}],"wp:attachment":[{"href":"https:\/\/nazarenonews.com.br\/index.php\/wp-json\/wp\/v2\/media?parent=22061"}],"wp:term":[{"taxonomy":"category","embeddable":true,"href":"https:\/\/nazarenonews.com.br\/index.php\/wp-json\/wp\/v2\/categories?post=22061"},{"taxonomy":"post_tag","embeddable":true,"href":"https:\/\/nazarenonews.com.br\/index.php\/wp-json\/wp\/v2\/tags?post=22061"}],"curies":[{"name":"wp","href":"https:\/\/api.w.org\/{rel}","templated":true}]}}