{"id":22058,"date":"2026-04-29T07:08:37","date_gmt":"2026-04-29T11:08:37","guid":{"rendered":"https:\/\/nazarenonews.com.br\/?p=22058"},"modified":"2026-04-29T07:08:37","modified_gmt":"2026-04-29T11:08:37","slug":"ex-gestor-da-unimed-vira-reu-em-mais-uma-acao-proposta-pelo-mpf","status":"publish","type":"post","link":"https:\/\/nazarenonews.com.br\/index.php\/2026\/04\/29\/ex-gestor-da-unimed-vira-reu-em-mais-uma-acao-proposta-pelo-mpf\/","title":{"rendered":"Ex- gestor da Unimed vira r\u00e9u em mais uma a\u00e7\u00e3o proposta pelo MPF"},"content":{"rendered":"\n<p>A Justi\u00e7a Federal aceitou den\u00fancia do\u00a0<strong>Minist\u00e9rio P\u00fablico Federal<\/strong>\u00a0(MPF) e tornou r\u00e9u o ex-presidente da Unimed Cuiab\u00e1,\u00a0<strong>Rubens Carlos de Oliveira J\u00fanior<\/strong>, pelos crimes de uso de\u00a0<strong>documento falso<\/strong>\u00a0e\u00a0<strong>falsidade ideol\u00f3gica<\/strong>.\u00a0A decis\u00e3o \u00e9 da\u00a0\u00faltima sexta-feira (24), assinada pelo\u00a0juiz Jeferson Schneider, da 5\u00aa Vara Federal de Mato Grosso.<\/p>\n\n\n\n<p>Rubens, que j\u00e1 \u00e9 r\u00e9u em outra a\u00e7\u00e3o por crimes de&nbsp;estelionato e lavagem de dinheiro,&nbsp;\u00e9 acusado de apresentar ao Ju\u00edzo da 8\u00aa Vara Federal o balan\u00e7o patrimonial da Unimed, referente ao exerc\u00edcio de 2022, com informa\u00e7\u00f5es &#8220;adulteradas e graves inconsist\u00eancias cont\u00e1beis&#8221;, para mascarar&nbsp;um suposto rombo de R$ 400 milh\u00f5es nas contas da cooperativa.&nbsp;<\/p>\n\n\n\n<p>Conforme a den\u00fancia, o balan\u00e7o foi utilizado pelo ex-presidente em uma a\u00e7\u00e3o contra a&nbsp;<strong>Ag\u00eancia Nacional de Sa\u00fade Suplementar<\/strong>&nbsp;(ANS), para tentar derrubar a&nbsp;<strong>indisponibilidade de seus bens<\/strong>, que havia sido determinada em processo administrativo ap\u00f3s a interven\u00e7\u00e3o na Unimed Cuiab\u00e1.<\/p>\n\n\n\n<p>&#8220;O balan\u00e7o utilizado judicialmente continha uma s\u00e9rie de informa\u00e7\u00f5es econ\u00f4mico-financeiras com distor\u00e7\u00f5es generalizadas e graves inconsist\u00eancias frente \u00e0s Normas T\u00e9cnicas de Contabilidade e \u00e0s Resolu\u00e7\u00f5es Normativas da ANS. Na pr\u00e1tica, o documento tanto omitiu informa\u00e7\u00f5es para reduzir o Passivo (obriga\u00e7\u00f5es), como inseriu dados indevidos para inflar o Ativo (bens e direitos). Nele, tamb\u00e9m se ignorou deliberadamente o regime de compet\u00eancia no registro de receitas e despesas&#8221;, consta na den\u00fancia.\u00a0<\/p>\n\n\n\n<p>&#8220;Com essa manobra cont\u00e1bil, a gest\u00e3o da cooperativa (quadri\u00eanio 20192023), sob a presid\u00eancia do denunciado, distorceu a realidade econ\u00f4mico-financeira da entidade e ocultou um preju\u00edzo da Unimed Cuiab\u00e1 estimado em R$ 400.734.820,00 (na database de 31\/12\/2022). Consequentemente, a fraude dificultou e obstruiu a fiscaliza\u00e7\u00e3o da ANS quanto aos par\u00e2metros regulat\u00f3rios m\u00ednimos de liquidez e solv\u00eancia da operadora, al\u00e9m de servir como escudo para encobrir desvios patrimoniais&#8221;, acrescenta o documento.&nbsp;<\/p>\n\n\n\n<p>Ainda na sexta-feira, o juiz Jeferson Schneider aceitou outra den\u00fancia do MPF e tamb\u00e9m tornou r\u00e9us Rubens e outras cinco pessoas de sua antiga gest\u00e3o, pelos crimes de estelionato e lavagem de dinheiro. A acusa\u00e7\u00e3o refere-se ao suposto pagamento de R$ 700 mil em comiss\u00e3o \u00e0 Arche, feito pela Unimed, por um servi\u00e7o de intermedia\u00e7\u00e3o financeira relacionado a um empr\u00e9stimo de R$ 33 milh\u00f5es junto ao Sicoob\/Credicom.<\/p>\n\n\n\n<p>Midianews<\/p>\n","protected":false},"excerpt":{"rendered":"<p>A Justi\u00e7a Federal aceitou den\u00fancia do\u00a0Minist\u00e9rio P\u00fablico Federal\u00a0(MPF) e tornou r\u00e9u o ex-presidente da Unimed Cuiab\u00e1,\u00a0Rubens Carlos de Oliveira J\u00fanior, pelos crimes de uso de\u00a0documento falso\u00a0e\u00a0falsidade ideol\u00f3gica.\u00a0A decis\u00e3o \u00e9 da\u00a0\u00faltima sexta-feira (24), assinada pelo\u00a0juiz Jeferson Schneider, da 5\u00aa Vara Federal de Mato Grosso. Rubens, que j\u00e1 \u00e9 r\u00e9u em outra a\u00e7\u00e3o por crimes de&nbsp;estelionato e [&hellip;]<\/p>\n","protected":false},"author":2,"featured_media":22059,"comment_status":"closed","ping_status":"closed","sticky":false,"template":"","format":"standard","meta":{"_monsterinsights_skip_tracking":false,"_monsterinsights_sitenote_active":false,"_monsterinsights_sitenote_note":"","_monsterinsights_sitenote_category":0,"footnotes":""},"categories":[1],"tags":[],"_links":{"self":[{"href":"https:\/\/nazarenonews.com.br\/index.php\/wp-json\/wp\/v2\/posts\/22058"}],"collection":[{"href":"https:\/\/nazarenonews.com.br\/index.php\/wp-json\/wp\/v2\/posts"}],"about":[{"href":"https:\/\/nazarenonews.com.br\/index.php\/wp-json\/wp\/v2\/types\/post"}],"author":[{"embeddable":true,"href":"https:\/\/nazarenonews.com.br\/index.php\/wp-json\/wp\/v2\/users\/2"}],"replies":[{"embeddable":true,"href":"https:\/\/nazarenonews.com.br\/index.php\/wp-json\/wp\/v2\/comments?post=22058"}],"version-history":[{"count":1,"href":"https:\/\/nazarenonews.com.br\/index.php\/wp-json\/wp\/v2\/posts\/22058\/revisions"}],"predecessor-version":[{"id":22060,"href":"https:\/\/nazarenonews.com.br\/index.php\/wp-json\/wp\/v2\/posts\/22058\/revisions\/22060"}],"wp:featuredmedia":[{"embeddable":true,"href":"https:\/\/nazarenonews.com.br\/index.php\/wp-json\/wp\/v2\/media\/22059"}],"wp:attachment":[{"href":"https:\/\/nazarenonews.com.br\/index.php\/wp-json\/wp\/v2\/media?parent=22058"}],"wp:term":[{"taxonomy":"category","embeddable":true,"href":"https:\/\/nazarenonews.com.br\/index.php\/wp-json\/wp\/v2\/categories?post=22058"},{"taxonomy":"post_tag","embeddable":true,"href":"https:\/\/nazarenonews.com.br\/index.php\/wp-json\/wp\/v2\/tags?post=22058"}],"curies":[{"name":"wp","href":"https:\/\/api.w.org\/{rel}","templated":true}]}}