{"id":22056,"date":"2026-04-28T07:03:06","date_gmt":"2026-04-28T11:03:06","guid":{"rendered":"https:\/\/nazarenonews.com.br\/?p=22056"},"modified":"2026-04-28T07:03:35","modified_gmt":"2026-04-28T11:03:35","slug":"o-tempo-e-a-temperatura-previsao-de-chuva-em-mt-e-ms-nesta-terca-feira-28","status":"publish","type":"post","link":"https:\/\/nazarenonews.com.br\/index.php\/2026\/04\/28\/o-tempo-e-a-temperatura-previsao-de-chuva-em-mt-e-ms-nesta-terca-feira-28\/","title":{"rendered":"O TEMPO E A TEMPERATURA: previs\u00e3o de chuva em MT e MS nesta ter\u00e7a-feira (28)"},"content":{"rendered":"\n<p>O Inmet emitiu alerta de perigo potencial para chuvas intensas em \u00e1reas dos dois estados<\/p>\n\n\n\n<p>Data de publica\u00e7\u00e3o: 27 de Abril de 2026, 18:30h, Atualizado em: 27 de Abril de 2026, 20:07h<\/p>\n\n\n\n<p><strong>A previs\u00e3o para esta ter\u00e7a-feira (28) indica chuva em Mato Grosso e Mato Grosso do Sul. No Distrito Federal e em Goi\u00e1s, o tempo permanece est\u00e1vel.<\/strong><\/p>\n\n\n\n<p>O Inmet emitiu alerta de perigo potencial para chuvas intensas em \u00e1reas de Mato Grosso do Sul e Mato Grosso. O aviso vale para munic\u00edpios do Pantanal e leste sul-mato-grossense, al\u00e9m do norte e nordeste mato-grossense.<\/p>\n\n\n\n<p>A previs\u00e3o indica acumulados de at\u00e9 50 mm por dia.<\/p>\n\n\n\n<p>Entre as capitais, m\u00ednimas de 16\u00baC em Bras\u00edlia (DF) e 18\u00baC em Campo Grande (MS). As m\u00e1ximas devem chegar a 32\u00baC em Cuiab\u00e1 (MT) e Goi\u00e2nia (GO).<\/p>\n\n\n\n<p>As informa\u00e7\u00f5es s\u00e3o do&nbsp;<a href=\"https:\/\/portal.inmet.gov.br\/\"><strong>Instituto Nacional de Meteorologia<\/strong><\/a><\/p>\n","protected":false},"excerpt":{"rendered":"<p>O Inmet emitiu alerta de perigo potencial para chuvas intensas em \u00e1reas dos dois estados Data de publica\u00e7\u00e3o: 27 de Abril de 2026, 18:30h, Atualizado em: 27 de Abril de 2026, 20:07h A previs\u00e3o para esta ter\u00e7a-feira (28) indica chuva em Mato Grosso e Mato Grosso do Sul. No Distrito Federal e em Goi\u00e1s, o [&hellip;]<\/p>\n","protected":false},"author":2,"featured_media":21769,"comment_status":"closed","ping_status":"closed","sticky":false,"template":"","format":"standard","meta":{"_monsterinsights_skip_tracking":false,"_monsterinsights_sitenote_active":false,"_monsterinsights_sitenote_note":"","_monsterinsights_sitenote_category":0,"footnotes":""},"categories":[52],"tags":[],"_links":{"self":[{"href":"https:\/\/nazarenonews.com.br\/index.php\/wp-json\/wp\/v2\/posts\/22056"}],"collection":[{"href":"https:\/\/nazarenonews.com.br\/index.php\/wp-json\/wp\/v2\/posts"}],"about":[{"href":"https:\/\/nazarenonews.com.br\/index.php\/wp-json\/wp\/v2\/types\/post"}],"author":[{"embeddable":true,"href":"https:\/\/nazarenonews.com.br\/index.php\/wp-json\/wp\/v2\/users\/2"}],"replies":[{"embeddable":true,"href":"https:\/\/nazarenonews.com.br\/index.php\/wp-json\/wp\/v2\/comments?post=22056"}],"version-history":[{"count":1,"href":"https:\/\/nazarenonews.com.br\/index.php\/wp-json\/wp\/v2\/posts\/22056\/revisions"}],"predecessor-version":[{"id":22057,"href":"https:\/\/nazarenonews.com.br\/index.php\/wp-json\/wp\/v2\/posts\/22056\/revisions\/22057"}],"wp:featuredmedia":[{"embeddable":true,"href":"https:\/\/nazarenonews.com.br\/index.php\/wp-json\/wp\/v2\/media\/21769"}],"wp:attachment":[{"href":"https:\/\/nazarenonews.com.br\/index.php\/wp-json\/wp\/v2\/media?parent=22056"}],"wp:term":[{"taxonomy":"category","embeddable":true,"href":"https:\/\/nazarenonews.com.br\/index.php\/wp-json\/wp\/v2\/categories?post=22056"},{"taxonomy":"post_tag","embeddable":true,"href":"https:\/\/nazarenonews.com.br\/index.php\/wp-json\/wp\/v2\/tags?post=22056"}],"curies":[{"name":"wp","href":"https:\/\/api.w.org\/{rel}","templated":true}]}}