{"id":22054,"date":"2026-04-28T07:01:37","date_gmt":"2026-04-28T11:01:37","guid":{"rendered":"https:\/\/nazarenonews.com.br\/?p=22054"},"modified":"2026-04-28T07:01:37","modified_gmt":"2026-04-28T11:01:37","slug":"boi-gordo-hoje-confira-as-cotacoes-para-esta-terca-feira-28-2","status":"publish","type":"post","link":"https:\/\/nazarenonews.com.br\/index.php\/2026\/04\/28\/boi-gordo-hoje-confira-as-cotacoes-para-esta-terca-feira-28-2\/","title":{"rendered":"Boi gordo hoje: confira as cota\u00e7\u00f5es para esta ter\u00e7a-feira (28)"},"content":{"rendered":"\n<p>A carca\u00e7a su\u00edna especial apresenta baixa de 0,93%, sendo negociada a R$ 8,54, por quilo, nos atacados da Grande S\u00e3o Paulo<\/p>\n\n\n\n<p>Data de publica\u00e7\u00e3o: 28 de Abril de 2026, 04:10h<\/p>\n\n\n\n<p><strong>O pre\u00e7o do boi gordo nesta ter\u00e7a-feira (28)&nbsp;apresenta queda de 0,36%; a arroba est\u00e1 sendo negociada a R$ 360,70, no estado de S\u00e3o Paulo.&nbsp;<\/strong><\/p>\n\n\n\n<p><strong>INDICADOR DO BOI GORDO CEPEA\/ESALQ<\/strong><\/p>\n\n\n\n<figure class=\"wp-block-table\"><table><thead><tr><th>DATA<\/th><th>VALOR R$*<\/th><th>VAR.\/DIA<\/th><th>VAR.\/M\u00caS<\/th><th>VALOR US$*<\/th><\/tr><\/thead><tbody><tr><td>27\/04\/2026<\/td><td>360,70<\/td><td>-0,36%<\/td><td>1,32%<\/td><td>72,43<\/td><\/tr><tr><td>24\/04\/2026<\/td><td>362,00<\/td><td>-0,11%<\/td><td>1,69%<\/td><td>72,41<\/td><\/tr><tr><td>23\/04\/2026<\/td><td>362,40<\/td><td>-0,40%<\/td><td>1,80%<\/td><td>72,35<\/td><\/tr><tr><td>22\/04\/2026<\/td><td>363,85<\/td><td>-0,59%<\/td><td>2,21%<\/td><td>73,17<\/td><\/tr><tr><td>20\/04\/2026<\/td><td>366,00<\/td><td>0,25%<\/td><td>2,81%<\/td><td>73,58<\/td><\/tr><\/tbody><\/table><\/figure>\n\n\n\n<p><strong>Na Grande S\u00e3o Paulo, em S\u00e3o Jos\u00e9 do Rio Preto e em Descalvado, os pre\u00e7os do frango apresentam queda de 0,42%.&nbsp;<\/strong>O frango congelado \u00e9 negociado a R$ 7,16, e o frango resfriado&nbsp; \u00e9 vendido a R$ 7,17.<\/p>\n\n\n\n<p><strong>PRE\u00c7OS DO FRANGO CONGELADO CEPEA\/ESALQ &#8211; ESTADO SP<\/strong><\/p>\n\n\n\n<figure class=\"wp-block-table\"><table><thead><tr><th>DATA<\/th><th>VALOR R$<\/th><th>VAR.\/DIA<\/th><th>VAR.\/M\u00caS<\/th><\/tr><\/thead><tbody><tr><td>27\/04\/2026<\/td><td>7,16<\/td><td>-0,42%<\/td><td>-1,10%<\/td><\/tr><tr><td>24\/04\/2026<\/td><td>7,19<\/td><td>-0,55%<\/td><td>-0,69%<\/td><\/tr><tr><td>23\/04\/2026<\/td><td>7,23<\/td><td>0,00%<\/td><td>-0,14%<\/td><\/tr><tr><td>22\/04\/2026<\/td><td>7,23<\/td><td>-1,50%<\/td><td>-0,14%<\/td><\/tr><tr><td>20\/04\/2026<\/td><td>7,34<\/td><td>0,00%<\/td><td>1,38%<\/td><\/tr><\/tbody><\/table><\/figure>\n\n\n\n<p><strong>PRE\u00c7OS DO FRANGO RESFRIADO CEPEA\/ESALQ &#8211; ESTADO SP<\/strong><\/p>\n\n\n\n<figure class=\"wp-block-table\"><table><thead><tr><th>DATA<\/th><th>VALOR R$<\/th><th>VAR.\/DIA<\/th><th>VAR.\/M\u00caS<\/th><\/tr><\/thead><tbody><tr><td>27\/04\/2026<\/td><td>7,17<\/td><td>-0,42%<\/td><td>-1,38%<\/td><\/tr><tr><td>24\/04\/2026<\/td><td>7,20<\/td><td>-0,55%<\/td><td>-0,96%<\/td><\/tr><tr><td>23\/04\/2026<\/td><td>7,24<\/td><td>0,00%<\/td><td>-0,41%<\/td><\/tr><tr><td>22\/04\/2026<\/td><td>7,24<\/td><td>-1,63%<\/td><td>-0,41%<\/td><\/tr><tr><td>20\/04\/2026<\/td><td>7,36<\/td><td>0,00%<\/td><td>1,24%<\/td><\/tr><\/tbody><\/table><\/figure>\n\n\n\n<h2 class=\"wp-block-heading\">Pre\u00e7o da carca\u00e7a su\u00edna especial e su\u00edno vivo<\/h2>\n\n\n\n<p><strong>A carca\u00e7a su\u00edna especial apresenta baixa de 0,93%, sendo negociada a R$ 8,54, por quilo, nos atacados da Grande S\u00e3o Paulo.<\/strong><\/p>\n\n\n\n<p>O su\u00edno vivo tamb\u00e9m&nbsp;registra queda em todos os estados analisados, com \u00e9 o caso de Minas Gerais, onde o produto \u00e9 comercializado a R$ 5,66.<\/p>\n\n\n\n<p><strong>PRE\u00c7OS DA CARCA\u00c7A SU\u00cdNA ESPECIAL (R$\/kg)<\/strong><\/p>\n\n\n\n<figure class=\"wp-block-table\"><table><thead><tr><th>DATA<\/th><th>M\u00c9DIA<\/th><th>VAR.\/DIA<\/th><th>VAR.\/M\u00caS<\/th><\/tr><\/thead><tbody><tr><td>27\/04\/2026<\/td><td>8,54<\/td><td>-0,93%<\/td><td>-11,41%<\/td><\/tr><tr><td>24\/04\/2026<\/td><td>8,62<\/td><td>0,00%<\/td><td>-10,58%<\/td><\/tr><tr><td>23\/04\/2026<\/td><td>8,62<\/td><td>-0,23%<\/td><td>-10,58%<\/td><\/tr><tr><td>22\/04\/2026<\/td><td>8,64<\/td><td>-1,93%<\/td><td>-10,37%<\/td><\/tr><tr><td>20\/04\/2026<\/td><td>8,81<\/td><td>-1,78%<\/td><td>-8,61%<\/td><\/tr><\/tbody><\/table><\/figure>\n\n\n\n<p><strong>INDICADOR DO SU\u00cdNO VIVO CEPEA\/ESALQ (R$\/kg)<\/strong><\/p>\n\n\n\n<figure class=\"wp-block-table\"><table><thead><tr><th>DATA<\/th><th>ESTADO<\/th><th>VALOR R$*<\/th><th>VAR.\/DIA<\/th><th>VAR.\/M\u00caS<\/th><\/tr><\/thead><tbody><tr><td>27\/04\/2026<\/td><td>MG &#8211; posto<\/td><td>5,66<\/td><td>-0,35%<\/td><td>-13,85%<\/td><\/tr><tr><td>27\/04\/2026<\/td><td>PR &#8211; a retirar<\/td><td>4,93<\/td><td>-2,57%<\/td><td>-19,84%<\/td><\/tr><tr><td>27\/04\/2026<\/td><td>RS &#8211; a retirar<\/td><td>5,14<\/td><td>-3,02%<\/td><td>-18,28%<\/td><\/tr><tr><td>27\/04\/2026<\/td><td>SC &#8211; a retirar<\/td><td>4,94<\/td><td>-0,80%<\/td><td>-19,81%<\/td><\/tr><tr><td>27\/04\/2026<\/td><td>SP &#8211; posto<\/td><td>5,41<\/td><td>-1,64%<\/td><td>-18,15%<\/td><\/tr><\/tbody><\/table><\/figure>\n\n\n\n<p>Os dados s\u00e3o do&nbsp;<a href=\"https:\/\/cepea.org.br\/br\" target=\"_blank\" rel=\"noreferrer noopener\">Cepea<\/a>.<\/p>\n\n\n\n<h2 class=\"wp-block-heading\">O que \u00e9 o boi gordo? Entenda o termo do mercado bovino<\/h2>\n\n\n\n<p>O boi gordo \u00e9 o bovino macho pronto para o abate, com peso m\u00ednimo de 16 arrobas l\u00edquidas de carca\u00e7a (aproximadamente 240 kg) e at\u00e9 42 meses de idade. Atende aos padr\u00f5es do mercado nacional e internacional, incluindo exporta\u00e7\u00f5es para Europa, China e cota Hilton.<\/p>\n\n\n\n<h2 class=\"wp-block-heading\">Diferen\u00e7as entre frango congelado e frango resfriado<\/h2>\n\n\n\n<p>O frango congelado passa por congelamento r\u00e1pido, com temperaturas abaixo de -12\u00b0C, garantindo maior vida \u00fatil para armazenamento e transporte a longas dist\u00e2ncias.<\/p>\n\n\n\n<p>J\u00e1 o frango resfriado \u00e9 mantido entre 0\u00b0C e 4\u00b0C, com validade de 5 a 7 dias, oferecendo textura e sabor mais pr\u00f3ximos do fresco, ideal para consumidores exigentes e restaurantes. &nbsp;<br>&nbsp;<\/p>\n","protected":false},"excerpt":{"rendered":"<p>A carca\u00e7a su\u00edna especial apresenta baixa de 0,93%, sendo negociada a R$ 8,54, por quilo, nos atacados da Grande S\u00e3o Paulo Data de publica\u00e7\u00e3o: 28 de Abril de 2026, 04:10h O pre\u00e7o do boi gordo nesta ter\u00e7a-feira (28)&nbsp;apresenta queda de 0,36%; a arroba est\u00e1 sendo negociada a R$ 360,70, no estado de S\u00e3o Paulo.&nbsp; INDICADOR [&hellip;]<\/p>\n","protected":false},"author":2,"featured_media":21881,"comment_status":"closed","ping_status":"closed","sticky":false,"template":"","format":"standard","meta":{"_monsterinsights_skip_tracking":false,"_monsterinsights_sitenote_active":false,"_monsterinsights_sitenote_note":"","_monsterinsights_sitenote_category":0,"footnotes":""},"categories":[54],"tags":[],"_links":{"self":[{"href":"https:\/\/nazarenonews.com.br\/index.php\/wp-json\/wp\/v2\/posts\/22054"}],"collection":[{"href":"https:\/\/nazarenonews.com.br\/index.php\/wp-json\/wp\/v2\/posts"}],"about":[{"href":"https:\/\/nazarenonews.com.br\/index.php\/wp-json\/wp\/v2\/types\/post"}],"author":[{"embeddable":true,"href":"https:\/\/nazarenonews.com.br\/index.php\/wp-json\/wp\/v2\/users\/2"}],"replies":[{"embeddable":true,"href":"https:\/\/nazarenonews.com.br\/index.php\/wp-json\/wp\/v2\/comments?post=22054"}],"version-history":[{"count":1,"href":"https:\/\/nazarenonews.com.br\/index.php\/wp-json\/wp\/v2\/posts\/22054\/revisions"}],"predecessor-version":[{"id":22055,"href":"https:\/\/nazarenonews.com.br\/index.php\/wp-json\/wp\/v2\/posts\/22054\/revisions\/22055"}],"wp:featuredmedia":[{"embeddable":true,"href":"https:\/\/nazarenonews.com.br\/index.php\/wp-json\/wp\/v2\/media\/21881"}],"wp:attachment":[{"href":"https:\/\/nazarenonews.com.br\/index.php\/wp-json\/wp\/v2\/media?parent=22054"}],"wp:term":[{"taxonomy":"category","embeddable":true,"href":"https:\/\/nazarenonews.com.br\/index.php\/wp-json\/wp\/v2\/categories?post=22054"},{"taxonomy":"post_tag","embeddable":true,"href":"https:\/\/nazarenonews.com.br\/index.php\/wp-json\/wp\/v2\/tags?post=22054"}],"curies":[{"name":"wp","href":"https:\/\/api.w.org\/{rel}","templated":true}]}}