{"id":22049,"date":"2026-04-28T06:58:34","date_gmt":"2026-04-28T10:58:34","guid":{"rendered":"https:\/\/nazarenonews.com.br\/?p=22049"},"modified":"2026-04-28T06:58:35","modified_gmt":"2026-04-28T10:58:35","slug":"pm-e-flagrado-com-perfumes-e-emagrecedores-contrabandeados-em-rondonopolis","status":"publish","type":"post","link":"https:\/\/nazarenonews.com.br\/index.php\/2026\/04\/28\/pm-e-flagrado-com-perfumes-e-emagrecedores-contrabandeados-em-rondonopolis\/","title":{"rendered":"PM \u00e9 flagrado com perfumes e emagrecedores contrabandeados em Rondon\u00f3polis"},"content":{"rendered":"\n<p>Uma a\u00e7\u00e3o conjunta entre a Pol\u00edcia Federal (PF) e a Pol\u00edcia Rodovi\u00e1ria Federal (PRF) resultou, na tarde desse domingo (26), na pris\u00e3o em flagrante de um policial militar no anel vi\u00e1rio de Rondon\u00f3polis (212 km de Cuiab\u00e1).<\/p>\n\n\n\n<p>O homem transportava uma carga de emagrecedores, perfumes e eletr\u00f4nicos de origem estrangeira sem a devida comprova\u00e7\u00e3o fiscal. Parte dos produtos estava fixada ao corpo do militar. Outra parte foi encontrada em pneus.<\/p>\n\n\n\n<p>A abordagem ocorreu ap\u00f3s investiga\u00e7\u00f5es apontarem suspeita sobre uma caminhonete estacionada na rodovia. Ao ser abordado, o condutor se identificou como policial militar, por\u00e9m apresentou informa\u00e7\u00f5es inconsistentes durante a entrevista dos agentes.<\/p>\n\n\n\n<p>Em revista pessoal e no ve\u00edculo, foram localizados diversos produtos sem documenta\u00e7\u00e3o, incluindo medicamentos e subst\u00e2ncias de uso est\u00e9tico.<\/p>\n\n\n\n<p>Ele foi encaminhado \u00e0 Delegacia da Pol\u00edcia Federal no munic\u00edpio e autuado em flagrante pelos crimes de descaminho, contrabando e infra\u00e7\u00e3o contra a sa\u00fade p\u00fablica, devido ao transporte irregular de medicamentos.<\/p>\n\n\n\n<p>O material apreendido foi relacionado e o caso segue sob investiga\u00e7\u00e3o da Pol\u00edcia Federal para identificar a origem das mercadorias e o destino final da carga. A Pol\u00edcia Militar deve ser notificada para a abertura de procedimento administrativo sobre a conduta do servidor.<\/p>\n\n\n\n<p>Rep\u00f3rter MT<\/p>\n\n\n\n<p><\/p>\n","protected":false},"excerpt":{"rendered":"<p>Uma a\u00e7\u00e3o conjunta entre a Pol\u00edcia Federal (PF) e a Pol\u00edcia Rodovi\u00e1ria Federal (PRF) resultou, na tarde desse domingo (26), na pris\u00e3o em flagrante de um policial militar no anel vi\u00e1rio de Rondon\u00f3polis (212 km de Cuiab\u00e1). O homem transportava uma carga de emagrecedores, perfumes e eletr\u00f4nicos de origem estrangeira sem a devida comprova\u00e7\u00e3o fiscal. [&hellip;]<\/p>\n","protected":false},"author":2,"featured_media":22050,"comment_status":"closed","ping_status":"closed","sticky":false,"template":"","format":"standard","meta":{"_monsterinsights_skip_tracking":false,"_monsterinsights_sitenote_active":false,"_monsterinsights_sitenote_note":"","_monsterinsights_sitenote_category":0,"footnotes":""},"categories":[1],"tags":[],"_links":{"self":[{"href":"https:\/\/nazarenonews.com.br\/index.php\/wp-json\/wp\/v2\/posts\/22049"}],"collection":[{"href":"https:\/\/nazarenonews.com.br\/index.php\/wp-json\/wp\/v2\/posts"}],"about":[{"href":"https:\/\/nazarenonews.com.br\/index.php\/wp-json\/wp\/v2\/types\/post"}],"author":[{"embeddable":true,"href":"https:\/\/nazarenonews.com.br\/index.php\/wp-json\/wp\/v2\/users\/2"}],"replies":[{"embeddable":true,"href":"https:\/\/nazarenonews.com.br\/index.php\/wp-json\/wp\/v2\/comments?post=22049"}],"version-history":[{"count":1,"href":"https:\/\/nazarenonews.com.br\/index.php\/wp-json\/wp\/v2\/posts\/22049\/revisions"}],"predecessor-version":[{"id":22051,"href":"https:\/\/nazarenonews.com.br\/index.php\/wp-json\/wp\/v2\/posts\/22049\/revisions\/22051"}],"wp:featuredmedia":[{"embeddable":true,"href":"https:\/\/nazarenonews.com.br\/index.php\/wp-json\/wp\/v2\/media\/22050"}],"wp:attachment":[{"href":"https:\/\/nazarenonews.com.br\/index.php\/wp-json\/wp\/v2\/media?parent=22049"}],"wp:term":[{"taxonomy":"category","embeddable":true,"href":"https:\/\/nazarenonews.com.br\/index.php\/wp-json\/wp\/v2\/categories?post=22049"},{"taxonomy":"post_tag","embeddable":true,"href":"https:\/\/nazarenonews.com.br\/index.php\/wp-json\/wp\/v2\/tags?post=22049"}],"curies":[{"name":"wp","href":"https:\/\/api.w.org\/{rel}","templated":true}]}}