{"id":22046,"date":"2026-04-28T06:55:22","date_gmt":"2026-04-28T10:55:22","guid":{"rendered":"https:\/\/nazarenonews.com.br\/?p=22046"},"modified":"2026-04-28T06:55:22","modified_gmt":"2026-04-28T10:55:22","slug":"prefeitura-de-chapada-dos-guimaraes-diz-que-cobranca-para-entrar-no-restaurante-morro-dos-ventos-e-ilegal","status":"publish","type":"post","link":"https:\/\/nazarenonews.com.br\/index.php\/2026\/04\/28\/prefeitura-de-chapada-dos-guimaraes-diz-que-cobranca-para-entrar-no-restaurante-morro-dos-ventos-e-ilegal\/","title":{"rendered":"Prefeitura de Chapada dos Guimar\u00e3es diz que cobran\u00e7a para entrar no Restaurante Morro dos Ventos \u00e9 ilegal"},"content":{"rendered":"\n<p>A Prefeitura de Chapada dos Guimar\u00e3es (67 km de Cuiab\u00e1) oficializou um parecer jur\u00eddico contra a explora\u00e7\u00e3o econ\u00f4mica de um dos pontos tur\u00edsticos mais tradicionais e ic\u00f4nicos de Mato Grosso. Conhecido por abrigar uma das vistas mais deslumbrantes da Chapada, o Restaurante e Hotel Morro dos Ventos tornou-se alvo de uma investiga\u00e7\u00e3o que contesta a legalidade da guarita que cobra taxas de entrada.<\/p>\n\n\n\n<p>Documentos t\u00e9cnicos e jur\u00eddicos obtidos pelo\u00a0Rep\u00f3rter\u00a0revelam que o local, apesar de ser um ponto tur\u00edstico consolidado, possui natureza de loteamento urbano regularizado. Segundo a Aprova\u00e7\u00e3o de Projeto n\u00ba 001\/2020, assinada em janeiro de 2020 com base na Lei Federal n\u00ba 6.766\/1979, todas as ruas internas do complexo foram transferidas automaticamente para o patrim\u00f4nio p\u00fablico do munic\u00edpio.<\/p>\n\n\n\n<p>Na pr\u00e1tica, isso significa que a via onde est\u00e1 instalada a guarita de cobran\u00e7a n\u00e3o pertence ao hotel, mas sim \u00e0 cidade. O Parecer Jur\u00eddico n\u00ba 75\/2026\/PGM (Procuradoria-Geral do Munic\u00edpio) \u00e9 taxativo ao afirmar que o estabelecimento est\u00e1 barrando o livre tr\u00e2nsito em vias p\u00fablicas, o que \u00e9 proibido pelo C\u00f3digo Municipal de Posturas.<\/p>\n\n\n\n<p>A reportagem apurou que os valores cobrados para contemplar o horizonte chapadense s\u00e3o fixos e pesam no bolso do visitante:<\/p>\n\n\n\n<p>&#8211; Carros de passeio: R$ 60,00<\/p>\n\n\n\n<p>&#8211; Motos: R$ 30,00<\/p>\n\n\n\n<p>&#8211; Pedestres (por pessoa): R$ 25,00<\/p>\n\n\n\n<p>&#8211; Vans \/ Micro-\u00f4nibus: R$ 110,00<\/p>\n\n\n\n<p>&#8211; \u00d4nibus: R$ 200,00<\/p>\n\n\n\n<p>A Secretaria Municipal de Planejamento e Or\u00e7amento (SMPO) aponta que esse &#8220;faturamento na guarita&#8221; entra em uma \u00e1rea de sombra fiscal. N\u00e3o h\u00e1 evid\u00eancias de que o ISSQN (Imposto Sobre Servi\u00e7os de Qualquer Natureza) proporcional a essa arrecada\u00e7\u00e3o esteja sendo recolhido para os cofres municipais.<\/p>\n\n\n\n<p>&#8220;<strong><em>Constatou-se que as vias internas integram o dom\u00ednio p\u00fablico. Consequentemente, eventual restri\u00e7\u00e3o ao livre acesso ou cobran\u00e7a de valores para ingresso em \u00e1rea com vias p\u00fablicas n\u00e3o encontra amparo legal<\/em><\/strong>&#8220;, destaca trecho da Nota Oficial da prefeitura.<\/p>\n\n\n\n<p><strong>Sem autoriza\u00e7\u00e3o para controle<\/strong><\/p>\n\n\n\n<p>O hotel alega em sua defesa que se trata de um &#8220;loteamento de acesso controlado&#8221;. No entanto, a an\u00e1lise documental da SMPO \u2014 Secretaria Municipal de Planejamento e Or\u00e7amento mostraria o contr\u00e1rio: o munic\u00edpio jamais emitiu o termo de concess\u00e3o de uso previsto na Lei Complementar n\u00ba 98\/2023 para esse fim.<\/p>\n\n\n\n<p>O Hotel e Restaurante Morro dos Ventos foi formalmente autuado (Auto de Infra\u00e7\u00e3o n\u00ba 0015\/2025) e tem agora o prazo de sete dias \u00fateis para apresentar uma manifesta\u00e7\u00e3o complementar \u00e0 Procuradoria-Geral do Munic\u00edpio.<\/p>\n\n\n\n<p>Caso a situa\u00e7\u00e3o n\u00e3o seja regularizada com a abertura das cancelas, a administra\u00e7\u00e3o municipal poder\u00e1 adotar medidas judiciais para garantir o direito de ir e vir da popula\u00e7\u00e3o e dos turistas que buscam o tradicional mirante.<\/p>\n\n\n\n<p><strong>Veja a nota na \u00edntegra:<\/strong><\/p>\n\n\n\n<p><em>NOTA OFICIAL<\/em><\/p>\n\n\n\n<p><em>Prefeitura Municipal de Chapada dos Guimar\u00e3es<\/em><\/p>\n\n\n\n<p><em>A Prefeitura Municipal de Chapada dos Guimar\u00e3es vem a p\u00fablico prestar esclarecimentos acerca das informa\u00e7\u00f5es divulgadas sobre a cobran\u00e7a de valores para acesso \u00e0 regi\u00e3o conhecida como Morro dos Ventos.<\/em><\/p>\n\n\n\n<p><em>O Munic\u00edpio informa que instaurou procedimento administrativo para apurar os fatos, tendo sido lavrado o Auto de Infra\u00e7\u00e3o n\u00ba 0015\/2025, com fundamento no art. 87 da Lei Complementar n\u00ba 44\/2010 (C\u00f3digo Municipal de Posturas), que veda qualquer ato que embarace ou impe\u00e7a o livre tr\u00e2nsito em vias p\u00fablicas.<\/em><\/p>\n\n\n\n<p><em>Conforme an\u00e1lise jur\u00eddica realizada pela Procuradoria Geral do Munic\u00edpio e manifesta\u00e7\u00e3o t\u00e9cnica da Secretaria Municipal de Planejamento, constatou-se, em car\u00e1ter preliminar, que o empreendimento em quest\u00e3o possui natureza de loteamento urbano regularizado, nos termos da legisla\u00e7\u00e3o federal (Lei n\u00ba 6.766\/1979) e da legisla\u00e7\u00e3o municipal vigente, sendo que suas vias internas integram o dom\u00ednio p\u00fablico.<\/em><\/p>\n\n\n\n<p><em>Dessa forma, n\u00e3o h\u00e1, at\u00e9 o presente momento, ato administrativo que autorize o controle de acesso nos termos da Lei Complementar n\u00ba 98\/2023, que regulamenta os loteamentos de acesso controlado no Munic\u00edpio. Consequentemente, eventual restri\u00e7\u00e3o ao livre acesso ou cobran\u00e7a de valores para ingresso em \u00e1rea com vias p\u00fablicas n\u00e3o encontra amparo legal.<\/em><\/p>\n\n\n\n<p><em>A Prefeitura ressalta que a legisla\u00e7\u00e3o permite, em situa\u00e7\u00f5es espec\u00edficas, a implanta\u00e7\u00e3o de controle de acesso, desde que precedida de regular procedimento administrativo, com a devida autoriza\u00e7\u00e3o do Poder P\u00fablico e formaliza\u00e7\u00e3o de termo de concess\u00e3o de uso, sendo vedada, em qualquer hip\u00f3tese, a restri\u00e7\u00e3o ao direito de circula\u00e7\u00e3o ou a cobran\u00e7a de valores de terceiros para ingresso em vias p\u00fablicas.<\/em><\/p>\n\n\n\n<p><em>O Munic\u00edpio informa ainda que o processo encontra-se em fase de instru\u00e7\u00e3o, assegurando-se o contradit\u00f3rio e a ampla defesa aos interessados, podendo, ao final, ser adotadas as medidas administrativas cab\u00edveis, inclusive a regulariza\u00e7\u00e3o da situa\u00e7\u00e3o, nos termos da legisla\u00e7\u00e3o vigente.<\/em><\/p>\n\n\n\n<p><em>A Administra\u00e7\u00e3o Municipal reafirma seu compromisso com:<\/em><\/p>\n\n\n\n<p><br>27 de&nbsp;Abril&nbsp;de 2026, 19h:00&nbsp;&#8211;&nbsp;<a href=\"mudaTamanho('text-content', -1);\">A<\/a>&nbsp;|&nbsp;<a href=\"mudaTamanho('text-content', 1);\">A<\/a><\/p>\n\n\n\n<figure class=\"wp-block-image\"><img decoding=\"async\" src=\"https:\/\/www.reportermt.com\/images\/instagranColor.png\" alt=\"instagran\" \/><\/figure>\n\n\n\n<figure class=\"wp-block-image\"><img decoding=\"async\" src=\"https:\/\/www.reportermt.com\/images\/facebook-2.png?v=3\" alt=\"facebook-2.png\" \/><\/figure>\n\n\n\n<figure class=\"wp-block-image\"><img decoding=\"async\" src=\"https:\/\/www.reportermt.com\/images\/twitter-2.png?v=3\" alt=\"twitter-2.png\" \/><\/figure>\n\n\n\n<figure class=\"wp-block-image\"><img decoding=\"async\" src=\"https:\/\/www.reportermt.com\/images\/print-2.png?v=1\" alt=\"print-2.png\" \/><\/figure>\n\n\n\n<figure class=\"wp-block-image\"><a href=\"https:\/\/wa.me\/?text=https:\/\/www.reportermt.com\/cidades\/prefeitura-de-chapada-dos-guimaraes-diz-que-cobranca-para-entrar-no-restaurante-morro-dos-ventos-e-ilegal\/236263\" target=\"_blank\" rel=\"noreferrer noopener\"><img decoding=\"async\" src=\"https:\/\/www.reportermt.com\/images\/whatsapp-square.png?v=1\" alt=\"whatsapp-square.png\" \/><\/a><\/figure>\n\n\n\n<p><a href=\"https:\/\/www.instagram.com\/sitereportermt\/?hl=pt\" target=\"_blank\" rel=\"noreferrer noopener\">&nbsp;<\/a><a href=\"https:\/\/www.facebook.com\/sharer.php?u=https:\/\/www.reportermt.com\/cidades\/prefeitura-de-chapada-dos-guimaraes-diz-que-cobranca-para-entrar-no-restaurante-morro-dos-ventos-e-ilegal\/236263\" target=\"_blank\" rel=\"noreferrer noopener\">&nbsp;<\/a><a href=\"https:\/\/twitter.com\/share?url=https:\/\/www.reportermt.com\/cidades\/prefeitura-de-chapada-dos-guimaraes-diz-que-cobranca-para-entrar-no-restaurante-morro-dos-ventos-e-ilegal\/236263&amp;text=Prefeitura+de+Chapada+dos+Guimar%C3%A3es+diz+que+cobran%C3%A7a+para+entrar+no+Restaurante+Morro+dos+Ventos+%C3%A9+ilegal\" target=\"_blank\" rel=\"noreferrer noopener\">&nbsp;<\/a><a href=\"window.print();\">&nbsp;<\/a><\/p>\n\n\n\n<p id=\"cont-hat-11\">CIDADES \/ ENTRADA DE R$ 25 A R$ 200<\/p>\n\n\n\n<h1 class=\"wp-block-heading\">Prefeitura de Chapada dos Guimar\u00e3es diz que cobran\u00e7a para entrar no Restaurante Morro dos Ventos \u00e9 ilegal<\/h1>\n\n\n\n<h2 class=\"wp-block-heading\">Documentos obtidos pela reportagem confirmam que restaurante e hotel privatizaram vias municipais.<\/h2>\n\n\n\n<p>Morro dos Ventos<a href=\"https:\/\/cdn.reportermt.com\/storage\/webdisco\/2026\/04\/27\/800x600\/9b55de248dcba97cec973cad29b13b9f-reportermt-com.jpg\"><\/a><a href=\"https:\/\/cdn.reportermt.com\/storage\/webdisco\/2026\/04\/27\/800x600\/9b55de248dcba97cec973cad29b13b9f-reportermt-com.jpg\"><\/a><\/p>\n\n\n\n<p>O tradicional mirante do Morro dos Ventos atrai milhares de turistas, mas documentos oficiais revelam que as vias de acesso s\u00e3o p\u00fablicas e foram cercadas irregularmente.<\/p>\n\n\n\n<h3 class=\"wp-block-heading\">ANA J\u00c1COMO<br>DO REP\u00d3RTERMT<\/h3>\n\n\n\n<p>A Prefeitura de Chapada dos Guimar\u00e3es (67 km de Cuiab\u00e1) oficializou um parecer jur\u00eddico contra a explora\u00e7\u00e3o econ\u00f4mica de um dos pontos tur\u00edsticos mais tradicionais e ic\u00f4nicos de Mato Grosso. Conhecido por abrigar uma das vistas mais deslumbrantes da Chapada, o Restaurante e Hotel Morro dos Ventos tornou-se alvo de uma investiga\u00e7\u00e3o que contesta a legalidade da guarita que cobra taxas de entrada.<\/p>\n\n\n\n<p>Documentos t\u00e9cnicos e jur\u00eddicos obtidos pelo&nbsp;<img decoding=\"async\" src=\"https:\/\/cdn.reportermt.com\/storage\/webdisco\/2021\/01\/28\/original\/f959cb20ff399f26329bdc34dad51f92.png\">&nbsp;revelam que o local, apesar de ser um ponto tur\u00edstico consolidado, possui natureza de loteamento urbano regularizado. Segundo a Aprova\u00e7\u00e3o de Projeto n\u00ba 001\/2020, assinada em janeiro de 2020 com base na Lei Federal n\u00ba 6.766\/1979, todas as ruas internas do complexo foram transferidas automaticamente para o patrim\u00f4nio p\u00fablico do munic\u00edpio.<\/p>\n\n\n\n<p>Na pr\u00e1tica, isso significa que a via onde est\u00e1 instalada a guarita de cobran\u00e7a n\u00e3o pertence ao hotel, mas sim \u00e0 cidade. O Parecer Jur\u00eddico n\u00ba 75\/2026\/PGM (Procuradoria-Geral do Munic\u00edpio) \u00e9 taxativo ao afirmar que o estabelecimento est\u00e1 barrando o livre tr\u00e2nsito em vias p\u00fablicas, o que \u00e9 proibido pelo C\u00f3digo Municipal de Posturas.<\/p>\n\n\n\n<p>Morro dos Ventos<\/p>\n\n\n\n<p><img decoding=\"async\" src=\"https:\/\/cdn.reportermt.com\/storage\/webdisco\/2026\/04\/27\/800x600\/e06fd5f3676f41503f2e1d6ab50a16d5-reportermt-com.jpg\" alt=\"Morro dos Ventos\"><\/p>\n\n\n\n<p>O restaurante Morro dos Ventos cobra taxas que chegam a R$ 200 por ve\u00edculo para permitir o acesso.<\/p>\n\n\n\n<p>A reportagem apurou que os valores cobrados para contemplar o horizonte chapadense s\u00e3o fixos e pesam no bolso do visitante:<\/p>\n\n\n\n<figure class=\"wp-block-embed\"><div class=\"wp-block-embed__wrapper\">\nhttps:\/\/961f769aeb81fa7c90d4a28470b34c34.safeframe.googlesyndication.com\/safeframe\/1-0-45\/html\/container.html\n<\/div><\/figure>\n\n\n\n<p>&#8211; Carros de passeio: R$ 60,00<\/p>\n\n\n\n<p>&#8211; Motos: R$ 30,00<\/p>\n\n\n\n<p>&#8211; Pedestres (por pessoa): R$ 25,00<\/p>\n\n\n\n<figure class=\"wp-block-embed\"><div class=\"wp-block-embed__wrapper\">\nhttps:\/\/961f769aeb81fa7c90d4a28470b34c34.safeframe.googlesyndication.com\/safeframe\/1-0-45\/html\/container.html\n<\/div><\/figure>\n\n\n\n<p>&#8211; Vans \/ Micro-\u00f4nibus: R$ 110,00<\/p>\n\n\n\n<p>&#8211; \u00d4nibus: R$ 200,00<\/p>\n\n\n\n<p>A Secretaria Municipal de Planejamento e Or\u00e7amento (SMPO) aponta que esse &#8220;faturamento na guarita&#8221; entra em uma \u00e1rea de sombra fiscal. N\u00e3o h\u00e1 evid\u00eancias de que o ISSQN (Imposto Sobre Servi\u00e7os de Qualquer Natureza) proporcional a essa arrecada\u00e7\u00e3o esteja sendo recolhido para os cofres municipais.<\/p>\n\n\n\n<figure class=\"wp-block-embed\"><div class=\"wp-block-embed__wrapper\">\nhttps:\/\/961f769aeb81fa7c90d4a28470b34c34.safeframe.googlesyndication.com\/safeframe\/1-0-45\/html\/container.html\n<\/div><\/figure>\n\n\n\n<p>&#8220;<strong><em>Constatou-se que as vias internas integram o dom\u00ednio p\u00fablico. Consequentemente, eventual restri\u00e7\u00e3o ao livre acesso ou cobran\u00e7a de valores para ingresso em \u00e1rea com vias p\u00fablicas n\u00e3o encontra amparo legal<\/em><\/strong>&#8220;, destaca trecho da Nota Oficial da prefeitura.<\/p>\n\n\n\n<p>Morro dos Ventos<img decoding=\"async\" src=\"https:\/\/cdn.reportermt.com\/storage\/webdisco\/2026\/04\/27\/800x600\/7000c247783438aa5ea27285cbb92736-reportermt-com.jpg\" alt=\"Morro dos Ventos\"><\/p>\n\n\n\n<p>O projeto aprovado em 2020 confirma que o loteamento \u00e9 aberto e as ruas pertencem ao munic\u00edpio, desmentindo a tese de &#8220;loteamento fechado&#8221; usada pelo hotel para manter a cobran\u00e7a.<\/p>\n\n\n\n<p><strong>Sem autoriza\u00e7\u00e3o para controle<\/strong><\/p>\n\n\n\n<p>O hotel alega em sua defesa que se trata de um &#8220;loteamento de acesso controlado&#8221;. No entanto, a an\u00e1lise documental da SMPO \u2014 Secretaria Municipal de Planejamento e Or\u00e7amento mostraria o contr\u00e1rio: o munic\u00edpio jamais emitiu o termo de concess\u00e3o de uso previsto na Lei Complementar n\u00ba 98\/2023 para esse fim.<\/p>\n\n\n\n<p>O Hotel e Restaurante Morro dos Ventos foi formalmente autuado (Auto de Infra\u00e7\u00e3o n\u00ba 0015\/2025) e tem agora o prazo de sete dias \u00fateis para apresentar uma manifesta\u00e7\u00e3o complementar \u00e0 Procuradoria-Geral do Munic\u00edpio.<\/p>\n\n\n\n<p>Caso a situa\u00e7\u00e3o n\u00e3o seja regularizada com a abertura das cancelas, a administra\u00e7\u00e3o municipal poder\u00e1 adotar medidas judiciais para garantir o direito de ir e vir da popula\u00e7\u00e3o e dos turistas que buscam o tradicional mirante.<\/p>\n\n\n\n<p><strong>Veja a nota na \u00edntegra:<\/strong><\/p>\n\n\n\n<p><em>NOTA OFICIAL<\/em><\/p>\n\n\n\n<p><em>Prefeitura Municipal de Chapada dos Guimar\u00e3es<\/em><\/p>\n\n\n\n<p><em>A Prefeitura Municipal de Chapada dos Guimar\u00e3es vem a p\u00fablico prestar esclarecimentos acerca das informa\u00e7\u00f5es divulgadas sobre a cobran\u00e7a de valores para acesso \u00e0 regi\u00e3o conhecida como Morro dos Ventos.<\/em><\/p>\n\n\n\n<figure class=\"wp-block-embed\"><div class=\"wp-block-embed__wrapper\">\nhttps:\/\/961f769aeb81fa7c90d4a28470b34c34.safeframe.googlesyndication.com\/safeframe\/1-0-45\/html\/container.html\n<\/div><\/figure>\n\n\n\n<p><em>O Munic\u00edpio informa que instaurou procedimento administrativo para apurar os fatos, tendo sido lavrado o Auto de Infra\u00e7\u00e3o n\u00ba 0015\/2025, com fundamento no art. 87 da Lei Complementar n\u00ba 44\/2010 (C\u00f3digo Municipal de Posturas), que veda qualquer ato que embarace ou impe\u00e7a o livre tr\u00e2nsito em vias p\u00fablicas.<\/em><\/p>\n\n\n\n<p><em>Conforme an\u00e1lise jur\u00eddica realizada pela Procuradoria Geral do Munic\u00edpio e manifesta\u00e7\u00e3o t\u00e9cnica da Secretaria Municipal de Planejamento, constatou-se, em car\u00e1ter preliminar, que o empreendimento em quest\u00e3o possui natureza de loteamento urbano regularizado, nos termos da legisla\u00e7\u00e3o federal (Lei n\u00ba 6.766\/1979) e da legisla\u00e7\u00e3o municipal vigente, sendo que suas vias internas integram o dom\u00ednio p\u00fablico.<\/em><\/p>\n\n\n\n<p><em>Dessa forma, n\u00e3o h\u00e1, at\u00e9 o presente momento, ato administrativo que autorize o controle de acesso nos termos da Lei Complementar n\u00ba 98\/2023, que regulamenta os loteamentos de acesso controlado no Munic\u00edpio. Consequentemente, eventual restri\u00e7\u00e3o ao livre acesso ou cobran\u00e7a de valores para ingresso em \u00e1rea com vias p\u00fablicas n\u00e3o encontra amparo legal.<\/em><\/p>\n\n\n\n<figure class=\"wp-block-embed\"><div class=\"wp-block-embed__wrapper\">\nhttps:\/\/961f769aeb81fa7c90d4a28470b34c34.safeframe.googlesyndication.com\/safeframe\/1-0-45\/html\/container.html\n<\/div><\/figure>\n\n\n\n<p><em>A Prefeitura ressalta que a legisla\u00e7\u00e3o permite, em situa\u00e7\u00f5es espec\u00edficas, a implanta\u00e7\u00e3o de controle de acesso, desde que precedida de regular procedimento administrativo, com a devida autoriza\u00e7\u00e3o do Poder P\u00fablico e formaliza\u00e7\u00e3o de termo de concess\u00e3o de uso, sendo vedada, em qualquer hip\u00f3tese, a restri\u00e7\u00e3o ao direito de circula\u00e7\u00e3o ou a cobran\u00e7a de valores de terceiros para ingresso em vias p\u00fablicas.<\/em><\/p>\n\n\n\n<p><em>O Munic\u00edpio informa ainda que o processo encontra-se em fase de instru\u00e7\u00e3o, assegurando-se o contradit\u00f3rio e a ampla defesa aos interessados, podendo, ao final, ser adotadas as medidas administrativas cab\u00edveis, inclusive a regulariza\u00e7\u00e3o da situa\u00e7\u00e3o, nos termos da legisla\u00e7\u00e3o vigente.<\/em><\/p>\n\n\n\n<p><em>A Administra\u00e7\u00e3o Municipal reafirma seu compromisso com:<\/em><\/p>\n\n\n\n<p><em>\u2022 o cumprimento da legisla\u00e7\u00e3o urban\u00edstica e ambiental;&nbsp;<\/em><\/p>\n\n\n\n<p><em>\u2022 a garantia do direito de ir e vir da popula\u00e7\u00e3o;&nbsp;<\/em><\/p>\n\n\n\n<p><em>\u2022 a prote\u00e7\u00e3o do interesse p\u00fablico;\u00a0<\/em><\/p>\n\n\n\n<p><em>\u2022 o ordenamento urbano e tur\u00edstico do Munic\u00edpio;&nbsp;<\/em><\/p>\n\n\n\n<p><em>Por fim, a Prefeitura de Chapada dos Guimar\u00e3es permanece \u00e0 disposi\u00e7\u00e3o para esclarecimentos adicionais e refor\u00e7a que todas as medidas adotadas visam assegurar a legalidade, a transpar\u00eancia e o equil\u00edbrio entre o desenvolvimento econ\u00f4mico e o interesse coletivo.<\/em><\/p>\n\n\n\n<p>Rep\u00f3rter MT<\/p>\n","protected":false},"excerpt":{"rendered":"<p>A Prefeitura de Chapada dos Guimar\u00e3es (67 km de Cuiab\u00e1) oficializou um parecer jur\u00eddico contra a explora\u00e7\u00e3o econ\u00f4mica de um dos pontos tur\u00edsticos mais tradicionais e ic\u00f4nicos de Mato Grosso. Conhecido por abrigar uma das vistas mais deslumbrantes da Chapada, o Restaurante e Hotel Morro dos Ventos tornou-se alvo de uma investiga\u00e7\u00e3o que contesta a [&hellip;]<\/p>\n","protected":false},"author":2,"featured_media":22047,"comment_status":"closed","ping_status":"closed","sticky":false,"template":"","format":"standard","meta":{"_monsterinsights_skip_tracking":false,"_monsterinsights_sitenote_active":false,"_monsterinsights_sitenote_note":"","_monsterinsights_sitenote_category":0,"footnotes":""},"categories":[36,1],"tags":[],"_links":{"self":[{"href":"https:\/\/nazarenonews.com.br\/index.php\/wp-json\/wp\/v2\/posts\/22046"}],"collection":[{"href":"https:\/\/nazarenonews.com.br\/index.php\/wp-json\/wp\/v2\/posts"}],"about":[{"href":"https:\/\/nazarenonews.com.br\/index.php\/wp-json\/wp\/v2\/types\/post"}],"author":[{"embeddable":true,"href":"https:\/\/nazarenonews.com.br\/index.php\/wp-json\/wp\/v2\/users\/2"}],"replies":[{"embeddable":true,"href":"https:\/\/nazarenonews.com.br\/index.php\/wp-json\/wp\/v2\/comments?post=22046"}],"version-history":[{"count":1,"href":"https:\/\/nazarenonews.com.br\/index.php\/wp-json\/wp\/v2\/posts\/22046\/revisions"}],"predecessor-version":[{"id":22048,"href":"https:\/\/nazarenonews.com.br\/index.php\/wp-json\/wp\/v2\/posts\/22046\/revisions\/22048"}],"wp:featuredmedia":[{"embeddable":true,"href":"https:\/\/nazarenonews.com.br\/index.php\/wp-json\/wp\/v2\/media\/22047"}],"wp:attachment":[{"href":"https:\/\/nazarenonews.com.br\/index.php\/wp-json\/wp\/v2\/media?parent=22046"}],"wp:term":[{"taxonomy":"category","embeddable":true,"href":"https:\/\/nazarenonews.com.br\/index.php\/wp-json\/wp\/v2\/categories?post=22046"},{"taxonomy":"post_tag","embeddable":true,"href":"https:\/\/nazarenonews.com.br\/index.php\/wp-json\/wp\/v2\/tags?post=22046"}],"curies":[{"name":"wp","href":"https:\/\/api.w.org\/{rel}","templated":true}]}}