{"id":22043,"date":"2026-04-28T06:51:06","date_gmt":"2026-04-28T10:51:06","guid":{"rendered":"https:\/\/nazarenonews.com.br\/?p=22043"},"modified":"2026-04-28T06:51:06","modified_gmt":"2026-04-28T10:51:06","slug":"comissao-se-reune-com-ministerio-da-saude-para-evitar-fim-do-samu-em-cuiaba-e-regiao-apos-demissao-de-56-profissionais","status":"publish","type":"post","link":"https:\/\/nazarenonews.com.br\/index.php\/2026\/04\/28\/comissao-se-reune-com-ministerio-da-saude-para-evitar-fim-do-samu-em-cuiaba-e-regiao-apos-demissao-de-56-profissionais\/","title":{"rendered":"Comiss\u00e3o se re\u00fane com Minist\u00e9rio da Sa\u00fade para evitar fim do Samu em Cuiab\u00e1 e regi\u00e3o ap\u00f3s demiss\u00e3o de 56 profissionais"},"content":{"rendered":"\n<p>A&nbsp;<strong>Comiss\u00e3o de Sa\u00fade da Assembleia Legislativa de Mato Grosso<\/strong>&nbsp;se re\u00fane nesta ter\u00e7a-feira (28), \u00e0s 8h, com representantes do Minist\u00e9rio da Sa\u00fade para discutir medidas que&nbsp;evitem o fim do Servi\u00e7o de Atendimento M\u00f3vel de Urg\u00eancia (Samu)&nbsp;em&nbsp;<a class=\"\" href=\"https:\/\/g1.globo.com\/mt\/mato-grosso\/cidade\/cuiaba\/\">Cuiab\u00e1<\/a>,&nbsp;<a class=\"\" href=\"https:\/\/g1.globo.com\/mt\/mato-grosso\/cidade\/varzea-grande-mt\/\">V\u00e1rzea Grande<\/a>&nbsp;e regi\u00e3o.&nbsp;<a class=\"\" href=\"https:\/\/g1.globo.com\/mt\/mato-grosso\/noticia\/2026\/03\/27\/secretario-de-saude-e-convocado-pela-almt-para-explicar-cortes-de-56-trabalhadores-do-samu.ghtml\"><strong>A situa\u00e7\u00e3o ocorre ap\u00f3s a demiss\u00e3o de 56 profissionais do servi\u00e7o na capital.<\/strong><\/a><\/p>\n\n\n\n<p>O encontro foi convocado ap\u00f3s a chegada do diretor do Departamento de Aten\u00e7\u00e3o Hospitalar, Domiciliar e de Urg\u00eancia, Fernando Figueira, a Cuiab\u00e1, na segunda-feira (27), para negociar com a&nbsp;Secretaria de Estado de Sa\u00fade (SES-MT)&nbsp;a continuidade do atendimento. Na semana passada, equipes do minist\u00e9rio vistoriaram bases do Samu no estado.<\/p>\n\n\n\n<p>O deputado estadual L\u00fadio Cabral (PT)&nbsp;defendeu a retomada do servi\u00e7o e a recontrata\u00e7\u00e3o dos profissionais demitidos.&nbsp;Segundo ele, a redu\u00e7\u00e3o no quadro comprometeu o atendimento \u00e0 popula\u00e7\u00e3o.<\/p>\n\n\n\n<p>O parlamentar tamb\u00e9m criticou a possibilidade de substitui\u00e7\u00e3o do Samu pelo Corpo de Bombeiros. Ele afirmou que os bombeiros&nbsp;podem atuar de forma complementar, mas n\u00e3o substituir o servi\u00e7o.<\/p>\n\n\n\n<p>L\u00fadio destacou ainda que o Samu recebe recursos federais, que cobrem cerca de 50% dos custos, e citou o envio recente de 10 ambul\u00e2ncias para Cuiab\u00e1 e V\u00e1rzea Grande.<\/p>\n\n\n\n<p>Na semana passada, durante audi\u00eancia na Comiss\u00e3o de Sa\u00fade, deputados questionaram o secret\u00e1rio estadual de Sa\u00fade, Juliano Melo, sobre o enfraquecimento do servi\u00e7o. Eles tamb\u00e9m&nbsp;criticaram a transfer\u00eancia do atendimento pr\u00e9-hospitalar para o Corpo de Bombeiros, afirmando que os bombeiros podem&nbsp;atuar de forma complementar, mas n\u00e3o substituir o servi\u00e7o.<\/p>\n\n\n\n<p>Os parlamentares defenderam a&nbsp;manuten\u00e7\u00e3o do Samu como parte da pol\u00edtica p\u00fablica de sa\u00fade.<\/p>\n\n\n\n<h2 class=\"wp-block-heading\">Entenda o caso<\/h2>\n\n\n\n<p>Em mar\u00e7o, o Governo de Mato Grosso&nbsp;<a class=\"\" href=\"https:\/\/g1.globo.com\/mt\/mato-grosso\/noticia\/2026\/03\/27\/secretario-de-saude-e-convocado-pela-almt-para-explicar-cortes-de-56-trabalhadores-do-samu.ghtml\"><strong>demitiu 56 profissionais do servi\u00e7o. Foram desligados&nbsp;<\/strong><strong>10 condutores, 22 enfermeiros e 24 t\u00e9cnicos<\/strong><strong>&nbsp;de enfermagem<\/strong><\/a>&nbsp;que atuavam diretamente no atendimento \u00e0 popula\u00e7\u00e3o. O sindicato alerta que a medida pode levar ao fechamento de bases e comprometer o servi\u00e7o.<\/p>\n\n\n\n<p>Em nota, a Secretaria Estadual de Sa\u00fade (SES),<a class=\"\" href=\"https:\/\/g1.globo.com\/mt\/mato-grosso\/noticia\/2026\/03\/28\/ex-funcionarios-do-samu-fazem-protesto-em-cuiaba-apos-governo-de-mt-demitir-mais-de-50-profissionais.ghtml\"><strong>\u00a0informou que as demiss\u00f5es n\u00e3o v\u00e3o impactar o atendimento \u00e0 popula\u00e7\u00e3o, devido a integra\u00e7\u00e3o,<\/strong><\/a>\u00a0no ano passado, das a\u00e7\u00f5es do Servi\u00e7o de Atendimento Pr\u00e9-Hospitalar, prestado pelo Samu e pelo Corpo de Bombeiros (CBMMT).<\/p>\n\n\n\n<p><strong>&#8220;Os n\u00fameros de atendimentos aumentaram em 30% e o tempo resposta \u00e0s chamadas diminuiu em 36%. Antes da integra\u00e7\u00e3o com os bombeiros tinham 9 ambul\u00e2ncias do Samu em Cuiab\u00e1, ap\u00f3s a parceria esse n\u00famero saltou para 20 ambul\u00e2ncias&#8221;, diz, e trecho da nota.<\/strong><\/p>\n\n\n\n<p>g1-MT<\/p>\n","protected":false},"excerpt":{"rendered":"<p>A&nbsp;Comiss\u00e3o de Sa\u00fade da Assembleia Legislativa de Mato Grosso&nbsp;se re\u00fane nesta ter\u00e7a-feira (28), \u00e0s 8h, com representantes do Minist\u00e9rio da Sa\u00fade para discutir medidas que&nbsp;evitem o fim do Servi\u00e7o de Atendimento M\u00f3vel de Urg\u00eancia (Samu)&nbsp;em&nbsp;Cuiab\u00e1,&nbsp;V\u00e1rzea Grande&nbsp;e regi\u00e3o.&nbsp;A situa\u00e7\u00e3o ocorre ap\u00f3s a demiss\u00e3o de 56 profissionais do servi\u00e7o na capital. O encontro foi convocado ap\u00f3s a [&hellip;]<\/p>\n","protected":false},"author":2,"featured_media":22044,"comment_status":"closed","ping_status":"closed","sticky":false,"template":"","format":"standard","meta":{"_monsterinsights_skip_tracking":false,"_monsterinsights_sitenote_active":false,"_monsterinsights_sitenote_note":"","_monsterinsights_sitenote_category":0,"footnotes":""},"categories":[1],"tags":[],"_links":{"self":[{"href":"https:\/\/nazarenonews.com.br\/index.php\/wp-json\/wp\/v2\/posts\/22043"}],"collection":[{"href":"https:\/\/nazarenonews.com.br\/index.php\/wp-json\/wp\/v2\/posts"}],"about":[{"href":"https:\/\/nazarenonews.com.br\/index.php\/wp-json\/wp\/v2\/types\/post"}],"author":[{"embeddable":true,"href":"https:\/\/nazarenonews.com.br\/index.php\/wp-json\/wp\/v2\/users\/2"}],"replies":[{"embeddable":true,"href":"https:\/\/nazarenonews.com.br\/index.php\/wp-json\/wp\/v2\/comments?post=22043"}],"version-history":[{"count":1,"href":"https:\/\/nazarenonews.com.br\/index.php\/wp-json\/wp\/v2\/posts\/22043\/revisions"}],"predecessor-version":[{"id":22045,"href":"https:\/\/nazarenonews.com.br\/index.php\/wp-json\/wp\/v2\/posts\/22043\/revisions\/22045"}],"wp:featuredmedia":[{"embeddable":true,"href":"https:\/\/nazarenonews.com.br\/index.php\/wp-json\/wp\/v2\/media\/22044"}],"wp:attachment":[{"href":"https:\/\/nazarenonews.com.br\/index.php\/wp-json\/wp\/v2\/media?parent=22043"}],"wp:term":[{"taxonomy":"category","embeddable":true,"href":"https:\/\/nazarenonews.com.br\/index.php\/wp-json\/wp\/v2\/categories?post=22043"},{"taxonomy":"post_tag","embeddable":true,"href":"https:\/\/nazarenonews.com.br\/index.php\/wp-json\/wp\/v2\/tags?post=22043"}],"curies":[{"name":"wp","href":"https:\/\/api.w.org\/{rel}","templated":true}]}}