{"id":22037,"date":"2026-04-27T15:51:50","date_gmt":"2026-04-27T19:51:50","guid":{"rendered":"https:\/\/nazarenonews.com.br\/?p=22037"},"modified":"2026-04-27T15:51:51","modified_gmt":"2026-04-27T19:51:51","slug":"jovem-de-22-anos-que-usava-vape-desde-os-15-descobre-cancer-de-pulmao","status":"publish","type":"post","link":"https:\/\/nazarenonews.com.br\/index.php\/2026\/04\/27\/jovem-de-22-anos-que-usava-vape-desde-os-15-descobre-cancer-de-pulmao\/","title":{"rendered":"Jovem de 22 anos, que usava vape desde os 15, descobre c\u00e2ncer de pulm\u00e3o\u00a0"},"content":{"rendered":"\n<p>Uma jovem de 22 anos, moradora de Manchester, na Inglaterra, virou exemplo de alerta ap\u00f3s ser diagnosticada com c\u00e2ncer de pulm\u00e3o mesmo ainda muito jovem. Kayley Boda relatou que come\u00e7ou a usar cigarro eletr\u00f4nico aos 15 anos e, anos depois, descobriu a doen\u00e7a. Ap\u00f3s cirurgia e sess\u00f5es de quimioterapia, ela chegou a apresentar melhora, mas o c\u00e2ncer voltou semanas depois.<\/p>\n\n\n\n<p>O caso repercutiu fora do pa\u00eds por se tratar de uma paciente jovem, j\u00e1 que esse tipo de tumor costuma atingir, com maior frequ\u00eancia, pessoas mais velhas.<\/p>\n\n\n\n<p>Os primeiros sinais apareceram de forma sutil, em 2025. A jovem contou que come\u00e7ou a ter uma tosse com secre\u00e7\u00e3o escura e granulada, o que inicialmente foi associado ao uso frequente de vape. Com o passar do tempo, o quadro se agravou e ela passou a tossir sangue, momento em que decidiu buscar atendimento m\u00e9dico.<\/p>\n\n\n\n<p>Exames apontaram uma altera\u00e7\u00e3o no pulm\u00e3o direito e, ap\u00f3s investiga\u00e7\u00e3o mais detalhada, foi confirmado o c\u00e2ncer em est\u00e1gio inicial. No entanto, durante a cirurgia para retirada de parte do pulm\u00e3o e de linfonodos, os m\u00e9dicos identificaram que a doen\u00e7a j\u00e1 havia se espalhado, levando \u00e0 reclassifica\u00e7\u00e3o para est\u00e1gio 3.<\/p>\n\n\n\n<p><br>27 de&nbsp;Abril&nbsp;de 2026, 15h:03&nbsp;&#8211;&nbsp;<a href=\"mudaTamanho('text-content', -1);\">A<\/a>&nbsp;|&nbsp;<a href=\"mudaTamanho('text-content', 1);\">A<\/a><\/p>\n\n\n\n<figure class=\"wp-block-image\"><img decoding=\"async\" src=\"https:\/\/www.reportermt.com\/images\/instagranColor.png\" alt=\"instagran\" \/><\/figure>\n\n\n\n<figure class=\"wp-block-image\"><img decoding=\"async\" src=\"https:\/\/www.reportermt.com\/images\/facebook-2.png?v=3\" alt=\"facebook-2.png\" \/><\/figure>\n\n\n\n<figure class=\"wp-block-image\"><img decoding=\"async\" src=\"https:\/\/www.reportermt.com\/images\/twitter-2.png?v=3\" alt=\"twitter-2.png\" \/><\/figure>\n\n\n\n<figure class=\"wp-block-image\"><img decoding=\"async\" src=\"https:\/\/www.reportermt.com\/images\/print-2.png?v=1\" alt=\"print-2.png\" \/><\/figure>\n\n\n\n<figure class=\"wp-block-image\"><a href=\"https:\/\/wa.me\/?text=https:\/\/www.reportermt.com\/cidades\/jovem-de-22-anos-que-usava-vape-desde-os-15-descobre-cancer-de-pulmao\/236231\" target=\"_blank\" rel=\"noreferrer noopener\"><img decoding=\"async\" src=\"https:\/\/www.reportermt.com\/images\/whatsapp-square.png?v=1\" alt=\"whatsapp-square.png\" \/><\/a><\/figure>\n\n\n\n<p><a href=\"https:\/\/www.instagram.com\/sitereportermt\/?hl=pt\" target=\"_blank\" rel=\"noreferrer noopener\">&nbsp;<\/a><a href=\"https:\/\/www.facebook.com\/sharer.php?u=https:\/\/www.reportermt.com\/cidades\/jovem-de-22-anos-que-usava-vape-desde-os-15-descobre-cancer-de-pulmao\/236231\" target=\"_blank\" rel=\"noreferrer noopener\">&nbsp;<\/a><a href=\"https:\/\/twitter.com\/share?url=https:\/\/www.reportermt.com\/cidades\/jovem-de-22-anos-que-usava-vape-desde-os-15-descobre-cancer-de-pulmao\/236231&amp;text=Jovem+de+22+anos%2C+que+usava+vape+desde+os+15%2C+descobre+c%C3%A2ncer+de+pulm%C3%A3o%26nbsp%3B\" target=\"_blank\" rel=\"noreferrer noopener\">&nbsp;<\/a><a href=\"window.print();\">&nbsp;<\/a><\/p>\n\n\n\n<p id=\"cont-hat-11\">CIDADES \/ ALERTA \u00c0 SA\u00daDE<\/p>\n\n\n\n<h1 class=\"wp-block-heading\">Jovem de 22 anos, que usava vape desde os 15, descobre c\u00e2ncer de pulm\u00e3o&nbsp;<\/h1>\n\n\n\n<h2 class=\"wp-block-heading\">Ela come\u00e7ou a usar cigarro eletr\u00f4nico na adolesc\u00eancia; doen\u00e7a chegou a regredir, mas voltou em est\u00e1gio avan\u00e7ado<\/h2>\n\n\n\n<p>Reprodu\u00e7\u00e3o \/ Redes sociais<a href=\"https:\/\/cdn.reportermt.com\/storage\/webdisco\/2026\/04\/27\/800x600\/51e890adeaa52754f61848cf688c7022.png\"><\/a><a href=\"https:\/\/cdn.reportermt.com\/storage\/webdisco\/2026\/04\/27\/800x600\/51e890adeaa52754f61848cf688c7022.png\"><\/a><\/p>\n\n\n\n<p>Ap\u00f3s o diagn\u00f3stico, a jovem abandonou o uso do cigarro eletr\u00f4nico e passou a alertar outras pessoas sobre os riscos<\/p>\n\n\n\n<h3 class=\"wp-block-heading\">DO REP\u00d3RTERMT<\/h3>\n\n\n\n<p>Uma jovem de 22 anos, moradora de Manchester, na Inglaterra, virou exemplo de alerta ap\u00f3s ser diagnosticada com c\u00e2ncer de pulm\u00e3o mesmo ainda muito jovem. Kayley Boda relatou que come\u00e7ou a usar cigarro eletr\u00f4nico aos 15 anos e, anos depois, descobriu a doen\u00e7a. Ap\u00f3s cirurgia e sess\u00f5es de quimioterapia, ela chegou a apresentar melhora, mas o c\u00e2ncer voltou semanas depois.<\/p>\n\n\n\n<p>O caso repercutiu fora do pa\u00eds por se tratar de uma paciente jovem, j\u00e1 que esse tipo de tumor costuma atingir, com maior frequ\u00eancia, pessoas mais velhas.<\/p>\n\n\n\n<p>Os primeiros sinais apareceram de forma sutil, em 2025. A jovem contou que come\u00e7ou a ter uma tosse com secre\u00e7\u00e3o escura e granulada, o que inicialmente foi associado ao uso frequente de vape. Com o passar do tempo, o quadro se agravou e ela passou a tossir sangue, momento em que decidiu buscar atendimento m\u00e9dico.<\/p>\n\n\n\n<p>Exames apontaram uma altera\u00e7\u00e3o no pulm\u00e3o direito e, ap\u00f3s investiga\u00e7\u00e3o mais detalhada, foi confirmado o c\u00e2ncer em est\u00e1gio inicial. No entanto, durante a cirurgia para retirada de parte do pulm\u00e3o e de linfonodos, os m\u00e9dicos identificaram que a doen\u00e7a j\u00e1 havia se espalhado, levando \u00e0 reclassifica\u00e7\u00e3o para est\u00e1gio 3.<\/p>\n\n\n\n<figure class=\"wp-block-embed\"><div class=\"wp-block-embed__wrapper\">\nhttps:\/\/a2222d12176c245781826235db12de69.safeframe.googlesyndication.com\/safeframe\/1-0-45\/html\/container.html\n<\/div><\/figure>\n\n\n\n<p>Ap\u00f3s o procedimento, Kayley enfrentou sess\u00f5es de quimioterapia e chegou a receber a not\u00edcia de que n\u00e3o havia sinais detect\u00e1veis do tumor em fevereiro de 2026. Por\u00e9m, semanas depois, voltou ao hospital com fortes dores no peito.<\/p>\n\n\n\n<p>Na nova avalia\u00e7\u00e3o, foi identificado um derrame pleural, que \u00e9 o ac\u00famulo de l\u00edquido na regi\u00e3o entre o pulm\u00e3o e a caixa tor\u00e1cica. A an\u00e1lise confirmou que o c\u00e2ncer havia retornado no revestimento pulmonar.<\/p>\n\n\n\n<p>Apesar do hist\u00f3rico com o cigarro eletr\u00f4nico, m\u00e9dicos n\u00e3o afirmaram que o vape foi a causa direta da doen\u00e7a. Ainda assim, especialistas refor\u00e7am que o uso desses dispositivos exp\u00f5e o organismo \u00e0 nicotina e a subst\u00e2ncias qu\u00edmicas potencialmente prejudiciais, cujos efeitos a longo prazo ainda s\u00e3o estudados.<\/p>\n\n\n\n<p>Ap\u00f3s o diagn\u00f3stico, a jovem abandonou o uso do cigarro eletr\u00f4nico e passou a alertar outras pessoas sobre os riscos. O caso reacendeu o debate sobre o crescimento do uso de vape entre adolescentes e jovens.<\/p>\n\n\n\n<p>Profissionais de sa\u00fade orientam que sintomas como tosse persistente, presen\u00e7a de sangue, dor no peito ou altera\u00e7\u00f5es no catarro devem ser investigados o quanto antes.<\/p>\n\n\n\n<p>Rep\u00f3rter MT<\/p>\n","protected":false},"excerpt":{"rendered":"<p>Uma jovem de 22 anos, moradora de Manchester, na Inglaterra, virou exemplo de alerta ap\u00f3s ser diagnosticada com c\u00e2ncer de pulm\u00e3o mesmo ainda muito jovem. Kayley Boda relatou que come\u00e7ou a usar cigarro eletr\u00f4nico aos 15 anos e, anos depois, descobriu a doen\u00e7a. Ap\u00f3s cirurgia e sess\u00f5es de quimioterapia, ela chegou a apresentar melhora, mas [&hellip;]<\/p>\n","protected":false},"author":2,"featured_media":22038,"comment_status":"closed","ping_status":"closed","sticky":false,"template":"","format":"standard","meta":{"_monsterinsights_skip_tracking":false,"_monsterinsights_sitenote_active":false,"_monsterinsights_sitenote_note":"","_monsterinsights_sitenote_category":0,"footnotes":""},"categories":[1],"tags":[],"_links":{"self":[{"href":"https:\/\/nazarenonews.com.br\/index.php\/wp-json\/wp\/v2\/posts\/22037"}],"collection":[{"href":"https:\/\/nazarenonews.com.br\/index.php\/wp-json\/wp\/v2\/posts"}],"about":[{"href":"https:\/\/nazarenonews.com.br\/index.php\/wp-json\/wp\/v2\/types\/post"}],"author":[{"embeddable":true,"href":"https:\/\/nazarenonews.com.br\/index.php\/wp-json\/wp\/v2\/users\/2"}],"replies":[{"embeddable":true,"href":"https:\/\/nazarenonews.com.br\/index.php\/wp-json\/wp\/v2\/comments?post=22037"}],"version-history":[{"count":1,"href":"https:\/\/nazarenonews.com.br\/index.php\/wp-json\/wp\/v2\/posts\/22037\/revisions"}],"predecessor-version":[{"id":22039,"href":"https:\/\/nazarenonews.com.br\/index.php\/wp-json\/wp\/v2\/posts\/22037\/revisions\/22039"}],"wp:featuredmedia":[{"embeddable":true,"href":"https:\/\/nazarenonews.com.br\/index.php\/wp-json\/wp\/v2\/media\/22038"}],"wp:attachment":[{"href":"https:\/\/nazarenonews.com.br\/index.php\/wp-json\/wp\/v2\/media?parent=22037"}],"wp:term":[{"taxonomy":"category","embeddable":true,"href":"https:\/\/nazarenonews.com.br\/index.php\/wp-json\/wp\/v2\/categories?post=22037"},{"taxonomy":"post_tag","embeddable":true,"href":"https:\/\/nazarenonews.com.br\/index.php\/wp-json\/wp\/v2\/tags?post=22037"}],"curies":[{"name":"wp","href":"https:\/\/api.w.org\/{rel}","templated":true}]}}