{"id":22028,"date":"2026-04-27T15:41:19","date_gmt":"2026-04-27T19:41:19","guid":{"rendered":"https:\/\/nazarenonews.com.br\/?p=22028"},"modified":"2026-04-27T15:41:19","modified_gmt":"2026-04-27T19:41:19","slug":"menino-de-12-anos-e-resgatado-apos-ser-obrigado-a-cavar-a-propria-cova-durante-tribunal-do-crime-em-mt","status":"publish","type":"post","link":"https:\/\/nazarenonews.com.br\/index.php\/2026\/04\/27\/menino-de-12-anos-e-resgatado-apos-ser-obrigado-a-cavar-a-propria-cova-durante-tribunal-do-crime-em-mt\/","title":{"rendered":"Menino de 12 anos \u00e9 resgatado ap\u00f3s ser obrigado a cavar a pr\u00f3pria cova durante &#8216;tribunal do crime&#8217; em MT"},"content":{"rendered":"\n<p>Um menino de 12 anos foi resgatado nesta sexta-feira (24), em&nbsp;<a class=\"\" href=\"https:\/\/g1.globo.com\/mt\/mato-grosso\/cidade\/varzea-grande-mt\/\">V\u00e1rzea Grande<\/a>, regi\u00e3o metropolitana de Cuiab\u00e1, ap\u00f3s ser&nbsp;sequestrado e mantido em c\u00e1rcere privado por quatro homens.&nbsp;Segundo a Pol\u00edcia Militar, a crian\u00e7a foi agredida e amea\u00e7ada de morte por integrantes de uma fac\u00e7\u00e3o criminosa. \u00c0 pol\u00edcia, a v\u00edtima contou que estava&nbsp;sendo submetida a um \u201ctribunal do crime\u201d e que seria executada.<\/p>\n\n\n\n<p>Segundo a Pol\u00edcia Militar, as equipes foram acionadas por moradores que viram o momento em que o grupo\u00a0levou a crian\u00e7a \u00e0 for\u00e7a, segurando-a pelos bra\u00e7os, at\u00e9 uma casa na\u00a0<strong>Rua dos Oper\u00e1rios<\/strong>, no bairro Vila Arthur. Os militares foram at\u00e9 o endere\u00e7o indicado e encontraram o menino sendo\u00a0mantido sob conten\u00e7\u00e3o pelos suspeitos.<\/p>\n\n\n\n<p>Aos policiais, a crian\u00e7a contou que ap\u00f3s a morte, o corpo seria enterrado em uma \u00e1rea pr\u00f3xima conhecida como \u201cFazendinha\u201d. A motiva\u00e7\u00e3o do crime seria a\u00a0suspeita de que o menino teria cometido furtos no bairro.\u00a0Ele apresentava les\u00f5es no rosto, causadas por agress\u00f5es.<\/p>\n\n\n\n<p>Durante buscas no im\u00f3vel, os policiais apreenderam facas, p\u00e1, picareta e enxada, objetos que, segundo a pol\u00edcia, seriam usados na execu\u00e7\u00e3o e oculta\u00e7\u00e3o do corpo.&nbsp;A v\u00edtima tamb\u00e9m afirmou que foi obrigada a cavar a pr\u00f3pria cova.<\/p>\n\n\n\n<p>No local, ainda foram encontrados materiais relacionados ao tr\u00e1fico de drogas, como tr\u00eas balan\u00e7as de precis\u00e3o, dinheiro em esp\u00e9cie, celulares e chips telef\u00f4nicos.<\/p>\n\n\n\n<p>Os quatro suspeitos foram presos em flagrante e levados para a Central de Flagrantes. O Conselho Tutelar foi acionado e acompanha o caso.<\/p>\n\n\n\n<p>g1-MT<\/p>\n","protected":false},"excerpt":{"rendered":"<p>Um menino de 12 anos foi resgatado nesta sexta-feira (24), em&nbsp;V\u00e1rzea Grande, regi\u00e3o metropolitana de Cuiab\u00e1, ap\u00f3s ser&nbsp;sequestrado e mantido em c\u00e1rcere privado por quatro homens.&nbsp;Segundo a Pol\u00edcia Militar, a crian\u00e7a foi agredida e amea\u00e7ada de morte por integrantes de uma fac\u00e7\u00e3o criminosa. \u00c0 pol\u00edcia, a v\u00edtima contou que estava&nbsp;sendo submetida a um \u201ctribunal do [&hellip;]<\/p>\n","protected":false},"author":2,"featured_media":22029,"comment_status":"closed","ping_status":"closed","sticky":false,"template":"","format":"standard","meta":{"_monsterinsights_skip_tracking":false,"_monsterinsights_sitenote_active":false,"_monsterinsights_sitenote_note":"","_monsterinsights_sitenote_category":0,"footnotes":""},"categories":[1],"tags":[],"_links":{"self":[{"href":"https:\/\/nazarenonews.com.br\/index.php\/wp-json\/wp\/v2\/posts\/22028"}],"collection":[{"href":"https:\/\/nazarenonews.com.br\/index.php\/wp-json\/wp\/v2\/posts"}],"about":[{"href":"https:\/\/nazarenonews.com.br\/index.php\/wp-json\/wp\/v2\/types\/post"}],"author":[{"embeddable":true,"href":"https:\/\/nazarenonews.com.br\/index.php\/wp-json\/wp\/v2\/users\/2"}],"replies":[{"embeddable":true,"href":"https:\/\/nazarenonews.com.br\/index.php\/wp-json\/wp\/v2\/comments?post=22028"}],"version-history":[{"count":1,"href":"https:\/\/nazarenonews.com.br\/index.php\/wp-json\/wp\/v2\/posts\/22028\/revisions"}],"predecessor-version":[{"id":22030,"href":"https:\/\/nazarenonews.com.br\/index.php\/wp-json\/wp\/v2\/posts\/22028\/revisions\/22030"}],"wp:featuredmedia":[{"embeddable":true,"href":"https:\/\/nazarenonews.com.br\/index.php\/wp-json\/wp\/v2\/media\/22029"}],"wp:attachment":[{"href":"https:\/\/nazarenonews.com.br\/index.php\/wp-json\/wp\/v2\/media?parent=22028"}],"wp:term":[{"taxonomy":"category","embeddable":true,"href":"https:\/\/nazarenonews.com.br\/index.php\/wp-json\/wp\/v2\/categories?post=22028"},{"taxonomy":"post_tag","embeddable":true,"href":"https:\/\/nazarenonews.com.br\/index.php\/wp-json\/wp\/v2\/tags?post=22028"}],"curies":[{"name":"wp","href":"https:\/\/api.w.org\/{rel}","templated":true}]}}